{"id":9001,"date":"2025-10-27T09:34:51","date_gmt":"2025-10-27T08:34:51","guid":{"rendered":"https:\/\/consbarcellona.esteri.it\/?p=9001"},"modified":"2025-10-27T09:39:12","modified_gmt":"2025-10-27T08:39:12","slug":"test-del-sistema-di-allerta-della-protezione-civile-03-11-2025","status":"publish","type":"post","link":"https:\/\/consbarcellona.esteri.it\/it\/news\/dal_consolato\/2025\/10\/test-del-sistema-di-allerta-della-protezione-civile-03-11-2025\/","title":{"rendered":"Test del sistema di allerta della protezione civile 03\/11\/2025"},"content":{"rendered":"<p>Si informa che il 3 novembre, a partire dalle ore 10:00, verr\u00e0 effettuato un test del Sistema di Allerta della Protezione Civile per tutte le comarche della circoscrizione di Barcellona. Questo test durer\u00e0 10 minuti: Alle ore 10:00, test nelle contee della circoscrizione di Barcellona (Baix Llobregat, Barcelon\u00e8s, Maresme, Vall\u00e8s Occidental e Vall\u00e8s Oriental). Questo test rientra nell&#8217;adempimento della Direttiva 2018\/1972 del Parlamento europeo e del Consiglio, che impone a tutti i Paesi membri l&#8217;obbligo di disporre di sistemi di allerta per situazioni di emergenza gravi basati sull&#8217;invio di avvisi ai telefoni cellulari della popolazione interessata. Durante il test, tutti i telefoni cellulari in grado di ricevere l&#8217;allerta della Protezione Civile squilleranno e sullo schermo verr\u00e0 visualizzato un messaggio che indica che si tratta di un test.<\/p>\n<p>Si ricorda che:<\/p>\n<ul>\n<li>Il dispositivo deve essere acceso e avere copertura telefonica.<\/li>\n<li>Il sistema non ha informazioni sul numero di dispositivi che ricevono il messaggio.<\/li>\n<li>Viene inviato indiscriminatamente a tutti i telefoni cellulari che si trovano nell&#8217;area di copertura delle antenne attivate.<\/li>\n<li>La delimitazione dell&#8217;area interessata \u00e8 approssimativa e dipender\u00e0 dalla copertura dell&#8217;antenna attivata.<\/li>\n<li>Il sistema d\u00e0 priorit\u00e0 alla ricezione del messaggio da parte dei dispositivi nell&#8217;area interessata. D\u00e0 priorit\u00e0 all&#8217;invio rispetto ad altre comunicazioni.<\/li>\n<li>Anche se il telefono cellulare \u00e8 in modalit\u00e0 silenziosa, l&#8217;avviso sar\u00e0 udibile.<\/li>\n<\/ul>\n<p>Gli organi operativi, cos\u00ec come il 112 e lo 012, sono informati del test.<\/p>\n<p>L&#8217;obiettivo di questo test \u00e8 migliorare i protocolli di sicurezza nei confronti del pubblico, al fine di poter trasmettere istruzioni in caso di emergenza imminente.<\/p>\n<p>Sul sito <a href=\"https:\/\/interior.gencat.cat\/es\/arees_dactuacio\/proteccio_civil\/cecat\/vols-rebre-alertes-protecciocivil\/index.html\">web degli avvisi della protezione civile<\/a> sono disponibili tutte le informazioni sul sistema, con diversi materiali specifici.<\/p>\n","protected":false},"excerpt":{"rendered":"Si informa che il 3 novembre, a partire dalle ore 10:00, verr\u00e0 effettuato un test del Sistema di Allerta della Protezione Civile per tutte le comarche della circoscrizione di Barcellona. Questo test durer\u00e0 10 minuti: Alle ore 10:00, test nelle contee della circoscrizione di Barcellona (Baix Llobregat, Barcelon\u00e8s, Maresme, Vall\u00e8s Occidental e Vall\u00e8s Oriental). Questo [&hellip;]","protected":false},"author":12,"featured_media":9004,"comment_status":"closed","ping_status":"closed","sticky":false,"template":"","format":"standard","meta":{"footnotes":""},"tags":[],"class_list":["post-9001","post","type-post","status-publish","format-standard","has-post-thumbnail","hentry"],"_links":{"self":[{"href":"https:\/\/consbarcellona.esteri.it\/it\/wp-json\/wp\/v2\/posts\/9001","targetHints":{"allow":["GET"]}}],"collection":[{"href":"https:\/\/consbarcellona.esteri.it\/it\/wp-json\/wp\/v2\/posts"}],"about":[{"href":"https:\/\/consbarcellona.esteri.it\/it\/wp-json\/wp\/v2\/types\/post"}],"author":[{"embeddable":true,"href":"https:\/\/consbarcellona.esteri.it\/it\/wp-json\/wp\/v2\/users\/12"}],"replies":[{"embeddable":true,"href":"https:\/\/consbarcellona.esteri.it\/it\/wp-json\/wp\/v2\/comments?post=9001"}],"version-history":[{"count":3,"href":"https:\/\/consbarcellona.esteri.it\/it\/wp-json\/wp\/v2\/posts\/9001\/revisions"}],"predecessor-version":[{"id":9016,"href":"https:\/\/consbarcellona.esteri.it\/it\/wp-json\/wp\/v2\/posts\/9001\/revisions\/9016"}],"wp:featuredmedia":[{"embeddable":true,"href":"https:\/\/consbarcellona.esteri.it\/it\/wp-json\/wp\/v2\/media\/9004"}],"wp:attachment":[{"href":"https:\/\/consbarcellona.esteri.it\/it\/wp-json\/wp\/v2\/media?parent=9001"}],"wp:term":[{"taxonomy":"post_tag","embeddable":true,"href":"https:\/\/consbarcellona.esteri.it\/it\/wp-json\/wp\/v2\/tags?post=9001"}],"curies":[{"name":"wp","href":"https:\/\/api.w.org\/{rel}","templated":true}]}}