{"id":7338,"date":"2025-03-12T16:30:57","date_gmt":"2025-03-12T15:30:57","guid":{"rendered":"https:\/\/consbarcellona.esteri.it\/?p=7338"},"modified":"2025-03-12T16:46:08","modified_gmt":"2025-03-12T15:46:08","slug":"missione-dellambasciatore-buccino-grimaldi-a-saragozza","status":"publish","type":"post","link":"https:\/\/consbarcellona.esteri.it\/it\/news\/dal_consolato\/2025\/03\/missione-dellambasciatore-buccino-grimaldi-a-saragozza\/","title":{"rendered":"Missione dell&#8217;ambasciatore Buccino Grimaldi a Saragozza"},"content":{"rendered":"<p>L&#8217;ambasciatore d&#8217;Italia a Madrid, Giuseppe Buccino Grimaldi, ha effettuato una missione a Saragozza luned\u00ec 10 marzo, accompagnato dal console generale d&#8217;Italia a Barcellona, Emanuele Manzitti, dal primo consigliere per gli affari politici dell&#8217;ambasciata, Marco Lapadura, e dal console a Barcellona, Mattia Lupini.<\/p>\n<p>Durante la missione l&#8217;ambasciatore ha incontrato la sindaca di Saragozza, Natalia Chueca Mu\u00f1oz, il delegato del Governo di Spagna in Aragona, Fernando A. Beltr\u00e1n Bl\u00e1zquez, la vicepresidente del Governo di Aragona, Mar\u00eda del Mar Vaquero, e la presidente del Parlamento aragonese, Marta Fern\u00e1ndez Mart\u00edn. Nel corso dei colloqui \u00e8 stato in sottolineato il forte potenziale economico della Comunit\u00e0 Autonoma di Aragona, anche grazie al suo posizionamento strategico tra Barcellona e Madrid. In questo contesto l&#8217;ambasciatore ha menzionato i recenti significativi investimenti\u00a0 internazionali tra cui spicca anche quello di Stellantis e CATL per la produzione in Europa di batterie per veicoli elettrici. Nel corso degli incontri i vari interlocutori hanno rimarcato il contributo assicurato dai circa 5.000 italiani residenti al rafforzamento dei solidi legami che uniscono Italia e Spagna.<\/p>\n<p>In occasione della visita l\u2019Ambasciatore Buccino Grimaldi, accompagnato anche dall\u2019Addetto per la Difesa, Capitano di Vascello Massimiliano Siragusa, ha effettuato una visita al Sacrario Militare Italiano della citt\u00e0 aragonese. Il Sacrario costruito nel 1942 ospita i resti di circa 4.000 italiani che combatterono per gli opposti schieramenti durante la Guerra Civile spagnola. Al momento l&#8217;edificio non \u00e8 accessibile al pubblico, ma nel prossimo futuro saranno avviati lavori di restauro per renderlo visitabile e integrarlo con l\u2019allestimento di uno spazio museale.<\/p>\n","protected":false},"excerpt":{"rendered":"L&#8217;ambasciatore d&#8217;Italia a Madrid, Giuseppe Buccino Grimaldi, ha effettuato una missione a Saragozza luned\u00ec 10 marzo, accompagnato dal console generale d&#8217;Italia a Barcellona, Emanuele Manzitti, dal primo consigliere per gli affari politici dell&#8217;ambasciata, Marco Lapadura, e dal console a Barcellona, Mattia Lupini. Durante la missione l&#8217;ambasciatore ha incontrato la sindaca di Saragozza, Natalia Chueca Mu\u00f1oz, [&hellip;]","protected":false},"author":8,"featured_media":7343,"comment_status":"closed","ping_status":"closed","sticky":false,"template":"","format":"standard","meta":{"footnotes":""},"tags":[5],"class_list":["post-7338","post","type-post","status-publish","format-standard","has-post-thumbnail","hentry","tag-politica-estera"],"_links":{"self":[{"href":"https:\/\/consbarcellona.esteri.it\/it\/wp-json\/wp\/v2\/posts\/7338","targetHints":{"allow":["GET"]}}],"collection":[{"href":"https:\/\/consbarcellona.esteri.it\/it\/wp-json\/wp\/v2\/posts"}],"about":[{"href":"https:\/\/consbarcellona.esteri.it\/it\/wp-json\/wp\/v2\/types\/post"}],"author":[{"embeddable":true,"href":"https:\/\/consbarcellona.esteri.it\/it\/wp-json\/wp\/v2\/users\/8"}],"replies":[{"embeddable":true,"href":"https:\/\/consbarcellona.esteri.it\/it\/wp-json\/wp\/v2\/comments?post=7338"}],"version-history":[{"count":1,"href":"https:\/\/consbarcellona.esteri.it\/it\/wp-json\/wp\/v2\/posts\/7338\/revisions"}],"predecessor-version":[{"id":7360,"href":"https:\/\/consbarcellona.esteri.it\/it\/wp-json\/wp\/v2\/posts\/7338\/revisions\/7360"}],"wp:featuredmedia":[{"embeddable":true,"href":"https:\/\/consbarcellona.esteri.it\/it\/wp-json\/wp\/v2\/media\/7343"}],"wp:attachment":[{"href":"https:\/\/consbarcellona.esteri.it\/it\/wp-json\/wp\/v2\/media?parent=7338"}],"wp:term":[{"taxonomy":"post_tag","embeddable":true,"href":"https:\/\/consbarcellona.esteri.it\/it\/wp-json\/wp\/v2\/tags?post=7338"}],"curies":[{"name":"wp","href":"https:\/\/api.w.org\/{rel}","templated":true}]}}