{"id":7233,"date":"2025-02-26T15:14:09","date_gmt":"2025-02-26T14:14:09","guid":{"rendered":"https:\/\/consbarcellona.esteri.it\/?p=7233"},"modified":"2025-02-26T15:14:09","modified_gmt":"2025-02-26T14:14:09","slug":"missione-dellambasciatore-buccino-grimaldi-a-valencia-23-25-febbraio-2025","status":"publish","type":"post","link":"https:\/\/consbarcellona.esteri.it\/it\/news\/dal_consolato\/2025\/02\/missione-dellambasciatore-buccino-grimaldi-a-valencia-23-25-febbraio-2025\/","title":{"rendered":"MISSIONE DELL\u2019AMBASCIATORE BUCCINO GRIMALDI A VALENCIA (23-25 FEBBRAIO 2025)"},"content":{"rendered":"<p>L\u2019Ambasciatore d\u2019Italia a Madrid, Giuseppe Buccino Grimaldi, accompagnato dal Console Generale a Barcellona, Emanuele Manzitti, si \u00e8 recato dal 23 al 25 febbraio in visita ufficiale a Valencia.<\/p>\n<p>Nella Generalitat Valenciana risiedono circa 40.000 connazionali, di cui 22.000 nella sola area urbana di Valencia. La comunit\u00e0 autonoma ha inoltre sviluppato eccellenti relazioni economiche e culturali con le regioni italiane, con possibilit\u00e0 di ulteriore rafforzamento della collaborazione anche nel quadro euromediterraneo.<\/p>\n<p>Nel corso della visita l\u2019Ambasciatore ha incontrato la Sindaca di Valencia, Maria Jos\u00e9 Catal\u00e1 Verdet, il Presidente della Generalitat Valenciana, Carlos Maz\u00f3n, la Presidente delle Cortes Valencianes, Llanos Mass\u00f3 Linares, e la Delegata del Governo presso la Generalitat, Pilar Bernab\u00e9 Garcia. Al centro dei colloqui i principali temi dell\u2019attualit\u00e0 politica ed economica della regione e in particolar modo le priorit\u00e0 della ricostruzione dopo i tragici avvenimenti causati dalla DANA, per i quali l\u2019Ambasciatore Buccino ha rinnovato il cordoglio e la vicinanza delle istituzioni e del popolo italiano. In tutti gli incontri \u00e8 stato sottolineato l\u2019interesse reciproco ad approfondire ulteriormente la collaborazione in ambito accademico e nei settori portuale, dell\u2019agricoltura, dell\u2019innovazione tecnologica e della ceramica, cogliendo nuove opportunit\u00e0 di crescita.<\/p>\n<p>Durante la visita, l\u2019Ambasciatore Buccino ha inoltre visitato la sede del Parlamento regionale, sito nello storico Palazzo Borgia, e la <em>Ciutat de les Arts i les Ci\u00e8ncies<\/em>, dove vengono spesso ospitate mostre ed attivit\u00e0 in connessione con l\u2019Italia, e l\u2019Oceanogr\u00e0fic.<\/p>\n","protected":false},"excerpt":{"rendered":"L\u2019Ambasciatore d\u2019Italia a Madrid, Giuseppe Buccino Grimaldi, accompagnato dal Console Generale a Barcellona, Emanuele Manzitti, si \u00e8 recato dal 23 al 25 febbraio in visita ufficiale a Valencia. Nella Generalitat Valenciana risiedono circa 40.000 connazionali, di cui 22.000 nella sola area urbana di Valencia. La comunit\u00e0 autonoma ha inoltre sviluppato eccellenti relazioni economiche e culturali [&hellip;]","protected":false},"author":8,"featured_media":7205,"comment_status":"closed","ping_status":"closed","sticky":false,"template":"","format":"standard","meta":{"footnotes":""},"tags":[7,5],"class_list":["post-7233","post","type-post","status-publish","format-standard","has-post-thumbnail","hentry","tag-italiani-nel-mondo","tag-politica-estera"],"_links":{"self":[{"href":"https:\/\/consbarcellona.esteri.it\/it\/wp-json\/wp\/v2\/posts\/7233","targetHints":{"allow":["GET"]}}],"collection":[{"href":"https:\/\/consbarcellona.esteri.it\/it\/wp-json\/wp\/v2\/posts"}],"about":[{"href":"https:\/\/consbarcellona.esteri.it\/it\/wp-json\/wp\/v2\/types\/post"}],"author":[{"embeddable":true,"href":"https:\/\/consbarcellona.esteri.it\/it\/wp-json\/wp\/v2\/users\/8"}],"replies":[{"embeddable":true,"href":"https:\/\/consbarcellona.esteri.it\/it\/wp-json\/wp\/v2\/comments?post=7233"}],"version-history":[{"count":1,"href":"https:\/\/consbarcellona.esteri.it\/it\/wp-json\/wp\/v2\/posts\/7233\/revisions"}],"predecessor-version":[{"id":7235,"href":"https:\/\/consbarcellona.esteri.it\/it\/wp-json\/wp\/v2\/posts\/7233\/revisions\/7235"}],"wp:featuredmedia":[{"embeddable":true,"href":"https:\/\/consbarcellona.esteri.it\/it\/wp-json\/wp\/v2\/media\/7205"}],"wp:attachment":[{"href":"https:\/\/consbarcellona.esteri.it\/it\/wp-json\/wp\/v2\/media?parent=7233"}],"wp:term":[{"taxonomy":"post_tag","embeddable":true,"href":"https:\/\/consbarcellona.esteri.it\/it\/wp-json\/wp\/v2\/tags?post=7233"}],"curies":[{"name":"wp","href":"https:\/\/api.w.org\/{rel}","templated":true}]}}