{"id":7163,"date":"2025-02-13T16:54:06","date_gmt":"2025-02-13T15:54:06","guid":{"rendered":"https:\/\/consbarcellona.esteri.it\/?p=7163"},"modified":"2025-02-13T16:56:14","modified_gmt":"2025-02-13T15:56:14","slug":"ix-edizione-dellitalian-design-day-idd-a-barcellona","status":"publish","type":"post","link":"https:\/\/consbarcellona.esteri.it\/it\/news\/dal_consolato\/2025\/02\/ix-edizione-dellitalian-design-day-idd-a-barcellona\/","title":{"rendered":"IX edizione dell\u2019Italian Design Day (IDD) a Barcellona"},"content":{"rendered":"<p>Mercoled\u00ec 12 febbraio 2025, presso la splendida cornice della Fundaci\u00f2 Enric Miralles di Barcellona, il Consolato Generale ha celebrato in\u00a0collaborazione con l&#8217;Istituto Italiano di Cultura, lo IED e Laboh, la IX edizione dell\u2019Italian Design Day (IDD). Il tema del ruolo del design nel combattere la disuguaglianza e nel costruire un futuro migliore \u00e8 stato discusso alla presenza di Elena Salmistraro, Ambasciatrice del Design nominata per l\u2019occasione, e della designer catalana\u00a0Pepa Reverter, moderato da Emanuela Procopio di IED. Le speaker hanno trattato le sfide e le opportunit\u00e0 che il design deve affrontare oggi. Si \u00e8 discusso di come il design non sia solo estetica, ma debba avere un ruolo come agente di cambiamento nell\u2019affrontare le sfide di oggi e del futuro.<\/p>\n<p>Tema centrale dell\u2019evento \u00e8 stata l&#8217;inclusivit\u00e0. Si \u00e8 sottolineato come il design non debba rimanere un privilegio per pochi, bens\u00ec uno strumento accessibile e a beneficio di tutti.<\/p>\n<p>Il design dovrebbe poi poter rispondere ai bisogni concreti della societ\u00e0. Tuttavia, difficolt\u00e0 pratiche e sfide economiche, rappresentano ora pi\u00f9 che mai un freno alla creativit\u00e0.<\/p>\n<p>Altro tema affrontato \u00e8 il ruolo del design nel preservare e valorizzare il patrimonio culturale. In Italia come in Spagna, le piccole realt\u00e0 artigianali stanno attraversando importanti difficolt\u00e0 a causa della globalizzazione. Salmistraro ha sottolineato come il design possa servire da ponte tra queste tradizioni locali e il mondo intero, salvaguardando il nostro Made in Italy.<\/p>\n<p>Infine, si \u00e8 rilevato come il design debba essere innovativo per affrontare le sfide contemporanee: le nuove tecnologie, come l&#8217;intelligenza artificiale, possono essere uno strumento utile, ma non sono attualmente in grado di sostituire la creativit\u00e0 umana. L&#8217;errore umano, infatti, \u00e8 ci\u00f2 che rende ogni opera unica e irripetibile, secondo le due esperte.<\/p>\n<p>L&#8217;incontro ha messo in luce le sfide pratiche che il design deve affrontare nel mondo contemporaneo per poter essere veramente un agente di cambiamento. Per fare ci\u00f2, \u00e8 fondamentale avere una direzione chiara prima di intraprendere qualsiasi progetto.<\/p>\n","protected":false},"excerpt":{"rendered":"Mercoled\u00ec 12 febbraio 2025, presso la splendida cornice della Fundaci\u00f2 Enric Miralles di Barcellona, il Consolato Generale ha celebrato in\u00a0collaborazione con l&#8217;Istituto Italiano di Cultura, lo IED e Laboh, la IX edizione dell\u2019Italian Design Day (IDD). Il tema del ruolo del design nel combattere la disuguaglianza e nel costruire un futuro migliore \u00e8 stato discusso [&hellip;]","protected":false},"author":8,"featured_media":7174,"comment_status":"closed","ping_status":"closed","sticky":false,"template":"","format":"standard","meta":{"footnotes":""},"tags":[12,11],"class_list":["post-7163","post","type-post","status-publish","format-standard","has-post-thumbnail","hentry","tag-diplomazia-culturale","tag-diplomazia-economica"],"_links":{"self":[{"href":"https:\/\/consbarcellona.esteri.it\/it\/wp-json\/wp\/v2\/posts\/7163","targetHints":{"allow":["GET"]}}],"collection":[{"href":"https:\/\/consbarcellona.esteri.it\/it\/wp-json\/wp\/v2\/posts"}],"about":[{"href":"https:\/\/consbarcellona.esteri.it\/it\/wp-json\/wp\/v2\/types\/post"}],"author":[{"embeddable":true,"href":"https:\/\/consbarcellona.esteri.it\/it\/wp-json\/wp\/v2\/users\/8"}],"replies":[{"embeddable":true,"href":"https:\/\/consbarcellona.esteri.it\/it\/wp-json\/wp\/v2\/comments?post=7163"}],"version-history":[{"count":1,"href":"https:\/\/consbarcellona.esteri.it\/it\/wp-json\/wp\/v2\/posts\/7163\/revisions"}],"predecessor-version":[{"id":7183,"href":"https:\/\/consbarcellona.esteri.it\/it\/wp-json\/wp\/v2\/posts\/7163\/revisions\/7183"}],"wp:featuredmedia":[{"embeddable":true,"href":"https:\/\/consbarcellona.esteri.it\/it\/wp-json\/wp\/v2\/media\/7174"}],"wp:attachment":[{"href":"https:\/\/consbarcellona.esteri.it\/it\/wp-json\/wp\/v2\/media?parent=7163"}],"wp:term":[{"taxonomy":"post_tag","embeddable":true,"href":"https:\/\/consbarcellona.esteri.it\/it\/wp-json\/wp\/v2\/tags?post=7163"}],"curies":[{"name":"wp","href":"https:\/\/api.w.org\/{rel}","templated":true}]}}