{"id":6020,"date":"2024-11-26T17:00:49","date_gmt":"2024-11-26T16:00:49","guid":{"rendered":"https:\/\/consbarcellona.esteri.it\/?p=6020"},"modified":"2024-11-26T17:00:49","modified_gmt":"2024-11-26T16:00:49","slug":"ix-settimana-della-cucina-italiana-nel-mondo-a-barcellona-16-22-novembre-2024-dieta-mediterranea-e-cucina-delle-radici","status":"publish","type":"post","link":"https:\/\/consbarcellona.esteri.it\/it\/news\/dal_consolato\/2024\/11\/ix-settimana-della-cucina-italiana-nel-mondo-a-barcellona-16-22-novembre-2024-dieta-mediterranea-e-cucina-delle-radici\/","title":{"rendered":"IX Settimana della cucina italiana nel mondo a Barcellona (16-22 novembre 2024) &#8211; Dieta mediterranea e cucina delle radici"},"content":{"rendered":"<p>Il Consolato Generale d\u2019Italia e l\u2019Istituto Italiano di Cultura hanno celebrato la IX Settimana della cucina italiana nel mondo, che quest\u2019anno ha avuto come tema centrale la dieta mediterranea e la cucina delle radici.<\/p>\n<p>La settimana \u00e8 stata inaugurata luned\u00ec 18 novembre con un evento tenutosi presso la Scuola Italiana di Barcellona, durante il quale \u00e8 stato presentato il libro realizzato dagli alunni \u201cLe ricette dei nonni\u201d, in cui sono state raccolte ricette della tradizione familiare.Il 19 novembre il creatore di contenuti Alessio Cecchini, in arte \u201cRucoolaaa\u201d, \u00e8 stato ospite presso il locale La Patente dove, durante una dimostrazione culinaria, ha offerto un esempio di cucina anti-spreco attraverso l\u2019utilizzo in alcune ricette di prodotti comunemente considerati di scarto. All\u2019evento \u00e8 intervenuta anche Eleonora Archetti, rappresentate dell\u2019ufficio della Commissione Europea a Barcellona, per sottolineare l\u2019importanza della lotta agli sprechi del cibo nella Settimana Europea contro la produzione dei rifiuti.<\/p>\n<p>Al successo della Settimana della cucina hanno contribuito anche la regione Marche e la regione Sardegna, presenti a Barcellona per partecipare alla fiera IBTM. Il 20 novembre, la Regione Sardegna ha organizzato un evento di promozione con lo chef del Ristorante Josto di Cagliari Pierluigi Fais, il quale ha proposto una degustazione gastronomica di pietanze, accompagnate da vini e bevande artigianali sardi.<\/p>\n<p>La stessa sera, presso la residenza del Console Generale, la Regione Marche, rappresentata dall\u2019Assessore Andrea Maria Antonini, ha offerto agli ospiti della serata un menu di piatti tipici marchigiani a cura dello chef Daniele Citeroni Maurizi. Nel corso della serata l\u2019Assessore ha sottolineato la recente apertura della del volo diretto tra la citt\u00e0 di Ancona e Barcellona, inaugurato a novembre 2024.<\/p>\n<p>La settimana della cucina si \u00e8 conclusa il 21 novembre con un seminario organizzato dallo IESE sulla Sicurezza alimentare incentrato in particolare sul settore delle sementi. Il seminario \u00e8 stato aperto da un intervento del Sottosegretario per le politiche agricole alimentari e forestali, Luigi D\u2019Eramo. Tra i panelist erano anche presenti il Generale di Brigata Daniel Melis, Comandante del Nucleo Carabinieri per la Tutela Agro-alimentare ed il Col. Juan Antonio Ruiz Garcia, Comandante Regionale dell\u2019Unit\u00e0 per la Protezione dell\u2019Ambiente della Guardia Civil. Nel corso del seminario sono stati sottolineati l\u2019importanza della collaborazione tra pubblico e privato, degli investimenti in tecnologia e controllo di qualit\u00e0 e del contrasto ai fenomeni di concorrenza sleale.<\/p>\n<p>Infine, come ogni anno, 15 ristoranti italiani di Barcellona hanno aderito alla settimana della cucina italiana, offrendo un menu speciale per l\u2019occasione basato su piatti della cucina tradizionale marchigiana.<\/p>\n","protected":false},"excerpt":{"rendered":"Il Consolato Generale d\u2019Italia e l\u2019Istituto Italiano di Cultura hanno celebrato la IX Settimana della cucina italiana nel mondo, che quest\u2019anno ha avuto come tema centrale la dieta mediterranea e la cucina delle radici. La settimana \u00e8 stata inaugurata luned\u00ec 18 novembre con un evento tenutosi presso la Scuola Italiana di Barcellona, durante il quale [&hellip;]","protected":false},"author":8,"featured_media":6050,"comment_status":"closed","ping_status":"closed","sticky":false,"template":"","format":"standard","meta":{"footnotes":""},"tags":[12,11],"class_list":["post-6020","post","type-post","status-publish","format-standard","has-post-thumbnail","hentry","tag-diplomazia-culturale","tag-diplomazia-economica"],"_links":{"self":[{"href":"https:\/\/consbarcellona.esteri.it\/it\/wp-json\/wp\/v2\/posts\/6020","targetHints":{"allow":["GET"]}}],"collection":[{"href":"https:\/\/consbarcellona.esteri.it\/it\/wp-json\/wp\/v2\/posts"}],"about":[{"href":"https:\/\/consbarcellona.esteri.it\/it\/wp-json\/wp\/v2\/types\/post"}],"author":[{"embeddable":true,"href":"https:\/\/consbarcellona.esteri.it\/it\/wp-json\/wp\/v2\/users\/8"}],"replies":[{"embeddable":true,"href":"https:\/\/consbarcellona.esteri.it\/it\/wp-json\/wp\/v2\/comments?post=6020"}],"version-history":[{"count":1,"href":"https:\/\/consbarcellona.esteri.it\/it\/wp-json\/wp\/v2\/posts\/6020\/revisions"}],"predecessor-version":[{"id":6055,"href":"https:\/\/consbarcellona.esteri.it\/it\/wp-json\/wp\/v2\/posts\/6020\/revisions\/6055"}],"wp:featuredmedia":[{"embeddable":true,"href":"https:\/\/consbarcellona.esteri.it\/it\/wp-json\/wp\/v2\/media\/6050"}],"wp:attachment":[{"href":"https:\/\/consbarcellona.esteri.it\/it\/wp-json\/wp\/v2\/media?parent=6020"}],"wp:term":[{"taxonomy":"post_tag","embeddable":true,"href":"https:\/\/consbarcellona.esteri.it\/it\/wp-json\/wp\/v2\/tags?post=6020"}],"curies":[{"name":"wp","href":"https:\/\/api.w.org\/{rel}","templated":true}]}}