{"id":4876,"date":"2024-09-03T18:12:57","date_gmt":"2024-09-03T16:12:57","guid":{"rendered":"https:\/\/consbarcellona.esteri.it\/?p=4876"},"modified":"2024-09-04T13:38:28","modified_gmt":"2024-09-04T11:38:28","slug":"la-nave-scuola-palinuro-della-marina-militare-in-sosta-a-barcellona-30-agosto-2-settembre-2024","status":"publish","type":"post","link":"https:\/\/consbarcellona.esteri.it\/it\/news\/dal_consolato\/2024\/09\/la-nave-scuola-palinuro-della-marina-militare-in-sosta-a-barcellona-30-agosto-2-settembre-2024\/","title":{"rendered":"La Nave Scuola Palinuro della Marina Militare in sosta a Barcellona (30 agosto-2 settembre 2024)"},"content":{"rendered":"<p>Dopo l\u2019arrivo a Valencia, la Nave Scuola Palinuro della Marina Militare ha fatto scalo a Barcellona, nella sua seconda tappa spagnola del periplo estivo 2024.<\/p>\n<p>Tre gli eventi principali durante la sosta: sabato 31 agosto sera, ha avuto luogo la celebrazione dei 150 anni dalla nascita di Guglielmo Marconi, organizzata dall\u2019omonimo comitato, alla presenza di rappresentanti del team di Luna Rossa. L\u2019occasione ha permesso di celebrare il genio italiano di Marconi, ricordando per l\u2019occasione anche l\u2019anniversario dei 125 anni della prima radiocronaca di una regata dell\u2019America\u2019s Cup, nel 1899 nella baia di New York, commentata dallo stesso Marconi. Il Console Generale Emanuele Manzitti ha sottolineato il vincolo tra genio italiano, scoperte scientifiche e tecnologia nello sport, che consente oggi alle imbarcazioni dell\u2019America\u2019s Cup impegnate nella competizione nella baia di Barcellona di essere definite delle vere e proprie \u201cFormula Uno del mare\u201d.<\/p>\n<p>Luned\u00ec 2 settembre \u00e8 stato poi organizzato l\u2019evento istituzionale di networking alla presenza delle Autorit\u00e0 locali, a cui hanno partecipato il Consigliere per l\u2019UE e l\u2019azione esterna della Generalitat de Catalunya, Jaume Duch, il Presidente del Port di Barcellona, Josep Llu\u00eds Salvad\u00f2, nonch\u00e9 il rappresentante della Delegazione del Governo ed i membri eletti del Com.It.Es. Roberta Martin, Anna Papavero e Alessio Cusin. Nel suo breve intervento, il Console Generale Manzitti ha sottolineato &#8220;l\u2019importanza che il mare e soprattutto il mare Mediterraneo, che da secoli unisce culture e popoli diversi, riveste nell\u2019amicizia tra Italia e Spagna&#8221;.<\/p>\n<p>Infine, marted\u00ec 3 settembre l&#8217;Addetto Scientifico dell&#8217;Ambasciata d&#8217;Italia a Madrid, Prof. Sergio Scopetta, ha organizzato una conferenza di taglio scientifico incentrata sugli ambienti marini, a cui hanno partecipato alcuni ricercatori italiani del Institut de Ci\u00e8ncies del Mar e del Barcelona Supercomputing Center.<\/p>\n<p>La Nave Scuola Palinuro far\u00e0 successivamente tappa a Minorca (7-10 settembre), prima di fare ritorno in Italia.<\/p>\n","protected":false},"excerpt":{"rendered":"Dopo l\u2019arrivo a Valencia, la Nave Scuola Palinuro della Marina Militare ha fatto scalo a Barcellona, nella sua seconda tappa spagnola del periplo estivo 2024. Tre gli eventi principali durante la sosta: sabato 31 agosto sera, ha avuto luogo la celebrazione dei 150 anni dalla nascita di Guglielmo Marconi, organizzata dall\u2019omonimo comitato, alla presenza di [&hellip;]","protected":false},"author":8,"featured_media":4910,"comment_status":"closed","ping_status":"closed","sticky":false,"template":"","format":"standard","meta":{"footnotes":""},"tags":[10,5],"class_list":["post-4876","post","type-post","status-publish","format-standard","has-post-thumbnail","hentry","tag-diplomazia-scientifica","tag-politica-estera"],"_links":{"self":[{"href":"https:\/\/consbarcellona.esteri.it\/it\/wp-json\/wp\/v2\/posts\/4876","targetHints":{"allow":["GET"]}}],"collection":[{"href":"https:\/\/consbarcellona.esteri.it\/it\/wp-json\/wp\/v2\/posts"}],"about":[{"href":"https:\/\/consbarcellona.esteri.it\/it\/wp-json\/wp\/v2\/types\/post"}],"author":[{"embeddable":true,"href":"https:\/\/consbarcellona.esteri.it\/it\/wp-json\/wp\/v2\/users\/8"}],"replies":[{"embeddable":true,"href":"https:\/\/consbarcellona.esteri.it\/it\/wp-json\/wp\/v2\/comments?post=4876"}],"version-history":[{"count":1,"href":"https:\/\/consbarcellona.esteri.it\/it\/wp-json\/wp\/v2\/posts\/4876\/revisions"}],"predecessor-version":[{"id":4914,"href":"https:\/\/consbarcellona.esteri.it\/it\/wp-json\/wp\/v2\/posts\/4876\/revisions\/4914"}],"wp:featuredmedia":[{"embeddable":true,"href":"https:\/\/consbarcellona.esteri.it\/it\/wp-json\/wp\/v2\/media\/4910"}],"wp:attachment":[{"href":"https:\/\/consbarcellona.esteri.it\/it\/wp-json\/wp\/v2\/media?parent=4876"}],"wp:term":[{"taxonomy":"post_tag","embeddable":true,"href":"https:\/\/consbarcellona.esteri.it\/it\/wp-json\/wp\/v2\/tags?post=4876"}],"curies":[{"name":"wp","href":"https:\/\/api.w.org\/{rel}","templated":true}]}}