{"id":4838,"date":"2024-08-29T12:30:59","date_gmt":"2024-08-29T10:30:59","guid":{"rendered":"https:\/\/consbarcellona.esteri.it\/?p=4838"},"modified":"2024-08-30T16:31:01","modified_gmt":"2024-08-30T14:31:01","slug":"marina-militare-nave-scuola-palinuro-in-sosta-a-barcellona-30-agosto-2-settembre-2024","status":"publish","type":"post","link":"https:\/\/consbarcellona.esteri.it\/it\/news\/dal_consolato\/2024\/08\/marina-militare-nave-scuola-palinuro-in-sosta-a-barcellona-30-agosto-2-settembre-2024\/","title":{"rendered":"MARINA MILITARE: NAVE SCUOLA PALINURO IN SOSTA A BARCELLONA (30 agosto &#8211; 2 settembre 2024)"},"content":{"rendered":"<p>La nave scuola della Marina Militare Palinuro far\u00e0 scalo nel porto di Barcellona in occasione della seconda tappa spagnola della campagna di istruzione 2024, ormeggiata al Moll de Barcelona, dietro il World Trade Center. Sar\u00e0 visitabile dal 30 agosto al 2 settembre nei seguenti orari:<\/p>\n<ul>\n<li>Venerd\u00ec 30 agosto, dalle 16:00 alle 19:00;<\/li>\n<li>Sabato 31 agosto, dalle 9:00 alle 12:00;<\/li>\n<li>domenica 1\u00b0 settembre, dalle 09:00 alle 12:00 e dalle 16:00 alle 19:00;<\/li>\n<li>luned\u00ec 2 settembre, dalle 09:00 alle 12:00.<\/li>\n<\/ul>\n<p>Il veliero, lungo circa 70 metri, ha festeggiato il suo 90\u00b0 anniversario dal varo nel marzo 2024 e ha trascorso tre mesi in mare per addestrare gli allievi del Collegio Militare Navale \u201cFrancesco Morosini\u201d di Venezia e gli allievi della Scuola di Manovra Sottufficiali. Durante il viaggio di ritorno in Italia, far\u00e0 scalo a Mahon, per poi proseguire la navigazione in Adriatico e partecipare alla famosa regata \u201cBarcolana\u201d nel Golfo di Trieste.<\/p>\n<p>La Palinuro, varata nel 1934 nei cantieri Dubigeon di Nantes, in Francia, con il nome di \u201cCommander Louis Richard\u201d, \u00e8 stata acquistata dalla Marina Militare nel 1950 per diventare una nave scuola. \u00c8 classificata come \u201cgoletta\u201d, \u00e8 cio\u00e8 armata con tre alberi di cui quello prodiero, detto trinchetto, \u00e8 armato con vele quadre, mentre gli alberi di maestra e di mezzana sono armati con vele di taglio (rande, frecce e vele di strallo). A questi alberi si aggiunge il bompresso, che sporge quasi orizzontalmente dall\u2019estremit\u00e0 prodiera, anch\u2019esso armato con vele di taglio (fiocchi). Le quindici vele sommano una superficie totale di quasi 1.000 metri quadrati.<\/p>\n","protected":false},"excerpt":{"rendered":"La nave scuola della Marina Militare Palinuro far\u00e0 scalo nel porto di Barcellona in occasione della seconda tappa spagnola della campagna di istruzione 2024, ormeggiata al Moll de Barcelona, dietro il World Trade Center. Sar\u00e0 visitabile dal 30 agosto al 2 settembre nei seguenti orari: Venerd\u00ec 30 agosto, dalle 16:00 alle 19:00; Sabato 31 agosto, [&hellip;]","protected":false},"author":8,"featured_media":4858,"comment_status":"closed","ping_status":"closed","sticky":false,"template":"","format":"standard","meta":{"footnotes":""},"tags":[10],"class_list":["post-4838","post","type-post","status-publish","format-standard","has-post-thumbnail","hentry","tag-diplomazia-scientifica"],"_links":{"self":[{"href":"https:\/\/consbarcellona.esteri.it\/it\/wp-json\/wp\/v2\/posts\/4838","targetHints":{"allow":["GET"]}}],"collection":[{"href":"https:\/\/consbarcellona.esteri.it\/it\/wp-json\/wp\/v2\/posts"}],"about":[{"href":"https:\/\/consbarcellona.esteri.it\/it\/wp-json\/wp\/v2\/types\/post"}],"author":[{"embeddable":true,"href":"https:\/\/consbarcellona.esteri.it\/it\/wp-json\/wp\/v2\/users\/8"}],"replies":[{"embeddable":true,"href":"https:\/\/consbarcellona.esteri.it\/it\/wp-json\/wp\/v2\/comments?post=4838"}],"version-history":[{"count":1,"href":"https:\/\/consbarcellona.esteri.it\/it\/wp-json\/wp\/v2\/posts\/4838\/revisions"}],"predecessor-version":[{"id":4864,"href":"https:\/\/consbarcellona.esteri.it\/it\/wp-json\/wp\/v2\/posts\/4838\/revisions\/4864"}],"wp:featuredmedia":[{"embeddable":true,"href":"https:\/\/consbarcellona.esteri.it\/it\/wp-json\/wp\/v2\/media\/4858"}],"wp:attachment":[{"href":"https:\/\/consbarcellona.esteri.it\/it\/wp-json\/wp\/v2\/media?parent=4838"}],"wp:term":[{"taxonomy":"post_tag","embeddable":true,"href":"https:\/\/consbarcellona.esteri.it\/it\/wp-json\/wp\/v2\/tags?post=4838"}],"curies":[{"name":"wp","href":"https:\/\/api.w.org\/{rel}","templated":true}]}}