{"id":2067,"date":"2016-05-11T18:57:36","date_gmt":"2016-05-11T16:57:36","guid":{"rendered":"https:\/\/consbarcellona.esteri.it\/news\/dal_consolato\/2016\/05\/la-sardegna-e-la-citta-di-alghero\/"},"modified":"2016-05-11T18:57:36","modified_gmt":"2016-05-11T16:57:36","slug":"la-sardegna-e-la-citta-di-alghero","status":"publish","type":"post","link":"https:\/\/consbarcellona.esteri.it\/it\/news\/dal_consolato\/2016\/05\/la-sardegna-e-la-citta-di-alghero\/","title":{"rendered":"La Sardegna e la citt\u00e0 di Alghero si presentano a Barcellona."},"content":{"rendered":"<p>Organizzato dalla compagnia di navigazione Grimaldi &#8211; che opera collegamenti di ferry con trasporto auto fra Barcellona e Porto Torres &#8211; si \u00e8 svolto oggi 11 maggio, alla presenza del Console Generale d\u2019Italia, Stefano Nicoletti, un riuscito evento di presentazione agli operatori turistici ed alla stampa, delle bellezze \u2013 e non solo marittime \u2013 del territorio sardo e della citt\u00e0 di Alghero.<\/p>\n<p>L\u2019Assessore al Turismo della Sardegna, Francesco Morandi, ha presentato numerosi video su vari aspetti dell\u2019offerta turistica, naturalistica, culturale ed eno-gastronomica sarda, mentre il sindaco di Alghero si \u00e8 concentrato sulla magia della citt\u00e0 e dei suoi dintorni e sul legame tutto speciale che lega Alghero &#8211; nella quale, come noto, si parla anche il catalano &#8211; alla Catalogna.<\/p>\n<p>Da parte sua l\u2019Amministratore delegato della Grimaldi Spagna, Mario Massarotti, ha illustrato la crescita costante delle presenze catalane e spagnole sulla tratta Barcellona-Porto Torres (+50% nel 2016 rispetto allo stesso periodo del 2015) che permette di portare comodamente la propria auto al seguito, partendo la sera e trovandosi la mattina dopo sull\u2019isola.<\/p>\n<p>L\u2019importanza dell\u2019opera di promozione della destinazione Sardegna svolta con la capillare pubblicit\u00e0 in Spagna della Grimaldi &#8211; attraverso lo slogan \u201cGrimald\u00edzate\u201d &#8211; \u00e8 stata sottolineata dal Console Generale Nicoletti nel suo intervento che si \u00e8 poi soffermato sulla variet\u00e0 dell\u2019offerta turistica sarda, ben al di l\u00e0 della sola icona delle spiagge e del mare cristallino.<\/p>\n<p>L\u2019evento \u00e8 quindi proseguito con uno show-cooking ed una degustazione di vini sardi illustrati da un enologo e si \u00e8 concluso con un concerto live de \u201cIl DuoTrio\u201d, che ha proposto melodie ispirate a diversi autori sardi fra cui Pino Piras e Ginetto Ruzzetta.<\/p>\n","protected":false},"excerpt":{"rendered":"Organizzato dalla compagnia di navigazione Grimaldi &#8211; che opera collegamenti di ferry con trasporto auto fra Barcellona e Porto Torres &#8211; si \u00e8 svolto oggi 11 maggio, alla presenza del Console Generale d\u2019Italia, Stefano Nicoletti, un riuscito evento di presentazione agli operatori turistici ed alla stampa, delle bellezze \u2013 e non solo marittime \u2013 del [&hellip;]","protected":false},"author":1,"featured_media":0,"comment_status":"","ping_status":"","sticky":false,"template":"","format":"standard","meta":{"footnotes":""},"tags":[],"class_list":["post-2067","post","type-post","status-publish","format-standard","hentry"],"_links":{"self":[{"href":"https:\/\/consbarcellona.esteri.it\/it\/wp-json\/wp\/v2\/posts\/2067","targetHints":{"allow":["GET"]}}],"collection":[{"href":"https:\/\/consbarcellona.esteri.it\/it\/wp-json\/wp\/v2\/posts"}],"about":[{"href":"https:\/\/consbarcellona.esteri.it\/it\/wp-json\/wp\/v2\/types\/post"}],"author":[{"embeddable":true,"href":"https:\/\/consbarcellona.esteri.it\/it\/wp-json\/wp\/v2\/users\/1"}],"replies":[{"embeddable":true,"href":"https:\/\/consbarcellona.esteri.it\/it\/wp-json\/wp\/v2\/comments?post=2067"}],"version-history":[{"count":0,"href":"https:\/\/consbarcellona.esteri.it\/it\/wp-json\/wp\/v2\/posts\/2067\/revisions"}],"wp:attachment":[{"href":"https:\/\/consbarcellona.esteri.it\/it\/wp-json\/wp\/v2\/media?parent=2067"}],"wp:term":[{"taxonomy":"post_tag","embeddable":true,"href":"https:\/\/consbarcellona.esteri.it\/it\/wp-json\/wp\/v2\/tags?post=2067"}],"curies":[{"name":"wp","href":"https:\/\/api.w.org\/{rel}","templated":true}]}}