{"id":1999,"date":"2017-02-23T18:30:18","date_gmt":"2017-02-23T17:30:18","guid":{"rendered":"https:\/\/consbarcellona.esteri.it\/news\/dal_consolato\/2017\/02\/presentando-la-nuova-alfa-giulia\/"},"modified":"2017-02-23T18:30:18","modified_gmt":"2017-02-23T17:30:18","slug":"presentando-la-nuova-alfa-giulia","status":"publish","type":"post","link":"https:\/\/consbarcellona.esteri.it\/it\/news\/dal_consolato\/2017\/02\/presentando-la-nuova-alfa-giulia\/","title":{"rendered":"Presentando la nuova Alfa Giulia a Barcellona."},"content":{"rendered":"<p>Il Console Generale, Stefano Nicoletti ha partecipato lo scorso 25 gennaio \u2013 presso il centro Auto 88 \u2013 alla presentazione della nuova Alfa Giulia organizzata dalla Camera di Commercio di Barcellona (rappresentata da suo Presidente Igor Garzesi) in collaborazione con il Gruppo automobilistico FCA per il quale \u00e8 intervenuto il Direttore EMEA, Francesco Di Palma.<\/p>\n<p>Nel suo discorso il Console Generale ha detto che:<br \/>\u201cLa Giulia \u00e8 stata un modello mitico prodotto dall&#8217;Alfa Romeo dal 1962 al 1977 e che per gli amanti dell\u2019auto rappresenta un punto di riferimento imprescindibile della storia dell\u2019automobile. Nata come erede della &#8220;Giulietta&#8221;, \u00e8 stata proposta in numerose varianti di carrozzeria, nelle tipologie berlina, coup\u00e9, cabriolet e spider. Complessivamente, in 15 anni, ne sono stati prodotti circa 1 milione di esemplari ed \u00e8 pertanto stata una delle vetture pi\u00f9 vendute della storia dell&#8217;Alfa Romeo<\/p>\n<p>Se la meccanica era d&#8217;avanguardia anche la scocca e la linea della carrozzeria erano molto moderne. Grazie alla coda tronca, alle incavature laterali e al muso basso e sfuggente, la Giulia aveva un coefficiente di penetrazione aerodinamica bassissimo (0,34) grazie all&#8217;uso, durante la sua progettazione, della galleria del vento. Famoso fu lo slogan &#8220;la Giulia, l&#8217;auto disegnata dal vento&#8221;.<\/p>\n<p>Per molti anni la Giulia \u00e8 stata in dotazione a Polizia e Carabinieri e, particolare curioso, era anche l\u2019auto preferita dai malviventi per le loro fughe in forza della sua velocit\u00e0, agilit\u00e0 e tenuta di strada. Proprio queste sue caratteristiche la Giulia \u00e8 stata anche un&#8217;icona del cinema poliziottesco degli anni settanta in Italia.<\/p>\n<p>A questo mito della storia dell\u2019automobilismo si \u00e8 rifatta l\u2019Alfa Romeo nel momento in cui, nel 2016, ha inteso lanciare la sua nuova ammiraglia. Un\u2019auto che si rif\u00e0 alla tecnologia di avanguardia che fu propria della sua progenitrice, coniugandola con un design moderno ed elegante e con l\u2019utilizzo di materiali ultraleggeri con l\u2019utilizzo di fibra di carbonio per la realizzazione dell\u2019albero di trasmissione e dell\u2019alluminio sia per parti del motore che delle sospensioni alla ricerca di<br \/>un rapporto peso\/potenza ottimale.<\/p>\n<p>Il Console Generale ha concluso augurando a questo nuovo modello di tenere in Catalogna ed in tutta la Spagna lo stesso successo che ebbe in Italia la sua antenata di cui ha ereditato il nome.<\/p>\n<p>L\u2019ex pilota di Formula I, Marc Gene, \u00e8 poi entrato in sala al volante di una splendida Giulia Quadrifoglio che \u00e8 stata ammirata da tutto il numeroso pubblico presente.<\/p>\n","protected":false},"excerpt":{"rendered":"Il Console Generale, Stefano Nicoletti ha partecipato lo scorso 25 gennaio \u2013 presso il centro Auto 88 \u2013 alla presentazione della nuova Alfa Giulia organizzata dalla Camera di Commercio di Barcellona (rappresentata da suo Presidente Igor Garzesi) in collaborazione con il Gruppo automobilistico FCA per il quale \u00e8 intervenuto il Direttore EMEA, Francesco Di Palma. [&hellip;]","protected":false},"author":1,"featured_media":0,"comment_status":"","ping_status":"","sticky":false,"template":"","format":"standard","meta":{"footnotes":""},"tags":[],"class_list":["post-1999","post","type-post","status-publish","format-standard","hentry"],"_links":{"self":[{"href":"https:\/\/consbarcellona.esteri.it\/it\/wp-json\/wp\/v2\/posts\/1999","targetHints":{"allow":["GET"]}}],"collection":[{"href":"https:\/\/consbarcellona.esteri.it\/it\/wp-json\/wp\/v2\/posts"}],"about":[{"href":"https:\/\/consbarcellona.esteri.it\/it\/wp-json\/wp\/v2\/types\/post"}],"author":[{"embeddable":true,"href":"https:\/\/consbarcellona.esteri.it\/it\/wp-json\/wp\/v2\/users\/1"}],"replies":[{"embeddable":true,"href":"https:\/\/consbarcellona.esteri.it\/it\/wp-json\/wp\/v2\/comments?post=1999"}],"version-history":[{"count":0,"href":"https:\/\/consbarcellona.esteri.it\/it\/wp-json\/wp\/v2\/posts\/1999\/revisions"}],"wp:attachment":[{"href":"https:\/\/consbarcellona.esteri.it\/it\/wp-json\/wp\/v2\/media?parent=1999"}],"wp:term":[{"taxonomy":"post_tag","embeddable":true,"href":"https:\/\/consbarcellona.esteri.it\/it\/wp-json\/wp\/v2\/tags?post=1999"}],"curies":[{"name":"wp","href":"https:\/\/api.w.org\/{rel}","templated":true}]}}