{"id":8986,"date":"2025-10-22T09:57:29","date_gmt":"2025-10-22T07:57:29","guid":{"rendered":"https:\/\/consbarcellona.esteri.it\/news\/dal_consolato\/2025\/10\/miglioramento-del-servizio-consolare-nuovi-sportelli-attivi\/"},"modified":"2025-11-13T15:26:23","modified_gmt":"2025-11-13T14:26:23","slug":"miglioramento-del-servizio-consolare-nuovi-sportelli-attivi","status":"publish","type":"post","link":"https:\/\/consbarcellona.esteri.it\/es\/news\/dal_consolato\/2025\/10\/miglioramento-del-servizio-consolare-nuovi-sportelli-attivi\/","title":{"rendered":"Mejora del servicio consular &#8211; Nuevas ventanillas activas"},"content":{"rendered":"<p>Con el fin de mejorar constantemente el servicio y en previsi\u00f3n de la pr\u00f3xima caducidad de los documentos de identidad en papel, as\u00ed como del aumento de las solicitudes por parte de los ciudadanos residentes, prestando especial atenci\u00f3n a los casos de urgencia comprobada, se informa a los usuarios que el Consulado ha habilitado, desde hace aproximadamente un mes, dos nuevas ventanillas dedicadas por la ma\u00f1ana y por la tarde: uno para la expedici\u00f3n del documento de identidad electr\u00f3nico (CIE) y otro para los pasaportes.<\/p>\n","protected":false},"excerpt":{"rendered":"Con el fin de mejorar constantemente el servicio y en previsi\u00f3n de la pr\u00f3xima caducidad de los documentos de identidad en papel, as\u00ed como del aumento de las solicitudes por parte de los ciudadanos residentes, prestando especial atenci\u00f3n a los casos de urgencia comprobada, se informa a los usuarios que el Consulado ha habilitado, desde [&hellip;]","protected":false},"author":12,"featured_media":8972,"comment_status":"closed","ping_status":"closed","sticky":false,"template":"","format":"standard","meta":{"footnotes":""},"tags":[],"class_list":["post-8986","post","type-post","status-publish","format-standard","has-post-thumbnail","hentry"],"_links":{"self":[{"href":"https:\/\/consbarcellona.esteri.it\/es\/wp-json\/wp\/v2\/posts\/8986","targetHints":{"allow":["GET"]}}],"collection":[{"href":"https:\/\/consbarcellona.esteri.it\/es\/wp-json\/wp\/v2\/posts"}],"about":[{"href":"https:\/\/consbarcellona.esteri.it\/es\/wp-json\/wp\/v2\/types\/post"}],"author":[{"embeddable":true,"href":"https:\/\/consbarcellona.esteri.it\/es\/wp-json\/wp\/v2\/users\/12"}],"replies":[{"embeddable":true,"href":"https:\/\/consbarcellona.esteri.it\/es\/wp-json\/wp\/v2\/comments?post=8986"}],"version-history":[{"count":2,"href":"https:\/\/consbarcellona.esteri.it\/es\/wp-json\/wp\/v2\/posts\/8986\/revisions"}],"predecessor-version":[{"id":9175,"href":"https:\/\/consbarcellona.esteri.it\/es\/wp-json\/wp\/v2\/posts\/8986\/revisions\/9175"}],"wp:featuredmedia":[{"embeddable":true,"href":"https:\/\/consbarcellona.esteri.it\/es\/wp-json\/wp\/v2\/media\/8972"}],"wp:attachment":[{"href":"https:\/\/consbarcellona.esteri.it\/es\/wp-json\/wp\/v2\/media?parent=8986"}],"wp:term":[{"taxonomy":"post_tag","embeddable":true,"href":"https:\/\/consbarcellona.esteri.it\/es\/wp-json\/wp\/v2\/tags?post=8986"}],"curies":[{"name":"wp","href":"https:\/\/api.w.org\/{rel}","templated":true}]}}