{"id":5243,"date":"2024-10-04T17:18:50","date_gmt":"2024-10-04T15:18:50","guid":{"rendered":"https:\/\/consbarcellona.esteri.it\/news\/dal_consolato\/2024\/10\/concerto-del-trio-hermes-13-ottobre-2024\/"},"modified":"2024-10-04T17:20:22","modified_gmt":"2024-10-04T15:20:22","slug":"concerto-del-trio-hermes-13-ottobre-2024","status":"publish","type":"post","link":"https:\/\/consbarcellona.esteri.it\/es\/news\/dal_consolato\/2024\/10\/concerto-del-trio-hermes-13-ottobre-2024\/","title":{"rendered":"Concierto del Tr\u00edo Hermes (13 de octubre de 2024)"},"content":{"rendered":"<p><em><strong>Con motivo de la primera regata femenina de la America&#8217;s Cup<\/strong><\/em><\/p>\n<p><strong>\u00a0<\/strong><\/p>\n<p>Con motivo de la primera regata femenina de la America&#8217;s Cup<\/p>\n<p>El Tr\u00edo Hermes, compuesto por\u00a0<strong>Ginevra Bassetti<\/strong>, viol\u00edn,\u00a0<strong>Francesca Giglio<\/strong>, violonchelo, y\u00a0<strong>Marianna Pulsoni<\/strong>, piano, pronto llam\u00f3 la atenci\u00f3n de la escena musical nacional e internacional. Estudiaron el repertorio bajo la experta direcci\u00f3n del Tr\u00edo de Parma y Pierpaolo Maurizzi, y luego continuaron sus estudios en la Accademia Nazionale di Santa Cecilia de Roma, en la clase de M\u00fasica de C\u00e1mara del Maestro Ivan Rabaglia.<\/p>\n<p>Actualmente, el Tr\u00edo asiste a la Academia Walter Stauffer en la clase de M\u00fasica de C\u00e1mara del Cuarteto Cremona y tambi\u00e9n ha sido seleccionado por la Universidad MDW de Viena para participar en la prestigiosa Academia de Verano, la ISA.<\/p>\n<p>El Tr\u00edo ha ganado importantes concursos nacionales e internacionales.<\/p>\n<p>Ha ofrecido numerosos conciertos en festivales y temporadas de conciertos de importancia nacional e internacional.<\/p>\n<p>&nbsp;<\/p>\n<p>Para la velada del 13 de octubre, el Tr\u00edo interpretar\u00e1 un programa dedicado a:<\/p>\n<p>\u00abFanny Mendelssohn e Ildebrando Pizzetti: Sin\u00f3nimos y Contrarios\u00bb.<\/p>\n<p>Aparentemente, dos autores como Fanny Mendelssohn e Ildebrando Pizzetti tienen todo diferente y nada en com\u00fan: una mujer y un hombre, dos \u00e9pocas hist\u00f3ricas y art\u00edsticas tan diferentes como los siglos XIX y XX, ella alemana y \u00e9l italiano, es m\u00e1s, italian\u00edsimo. Sin embargo, hay mucho que les une en la inspiraci\u00f3n de sus dos obras.<\/p>\n<p>Entrada gratuita. Para m\u00e1s informaciones y registraci\u00f3n: <a href=\"http:\/\/www.conservatoriliceu.es\/es\/agenda\/otros-promotores\/trio-hermes\/\"><strong>www.conservatoriliceu.es\/es\/agenda\/otros-promotores\/trio-hermes\/<\/strong><\/a><\/p>\n","protected":false},"excerpt":{"rendered":"Con motivo de la primera regata femenina de la America&#8217;s Cup \u00a0 Con motivo de la primera regata femenina de la America&#8217;s Cup El Tr\u00edo Hermes, compuesto por\u00a0Ginevra Bassetti, viol\u00edn,\u00a0Francesca Giglio, violonchelo, y\u00a0Marianna Pulsoni, piano, pronto llam\u00f3 la atenci\u00f3n de la escena musical nacional e internacional. Estudiaron el repertorio bajo la experta direcci\u00f3n del Tr\u00edo [&hellip;]","protected":false},"author":8,"featured_media":5240,"comment_status":"closed","ping_status":"closed","sticky":false,"template":"","format":"standard","meta":{"footnotes":""},"tags":[12],"class_list":["post-5243","post","type-post","status-publish","format-standard","has-post-thumbnail","hentry","tag-diplomazia-culturale"],"_links":{"self":[{"href":"https:\/\/consbarcellona.esteri.it\/es\/wp-json\/wp\/v2\/posts\/5243","targetHints":{"allow":["GET"]}}],"collection":[{"href":"https:\/\/consbarcellona.esteri.it\/es\/wp-json\/wp\/v2\/posts"}],"about":[{"href":"https:\/\/consbarcellona.esteri.it\/es\/wp-json\/wp\/v2\/types\/post"}],"author":[{"embeddable":true,"href":"https:\/\/consbarcellona.esteri.it\/es\/wp-json\/wp\/v2\/users\/8"}],"replies":[{"embeddable":true,"href":"https:\/\/consbarcellona.esteri.it\/es\/wp-json\/wp\/v2\/comments?post=5243"}],"version-history":[{"count":2,"href":"https:\/\/consbarcellona.esteri.it\/es\/wp-json\/wp\/v2\/posts\/5243\/revisions"}],"predecessor-version":[{"id":5247,"href":"https:\/\/consbarcellona.esteri.it\/es\/wp-json\/wp\/v2\/posts\/5243\/revisions\/5247"}],"wp:featuredmedia":[{"embeddable":true,"href":"https:\/\/consbarcellona.esteri.it\/es\/wp-json\/wp\/v2\/media\/5240"}],"wp:attachment":[{"href":"https:\/\/consbarcellona.esteri.it\/es\/wp-json\/wp\/v2\/media?parent=5243"}],"wp:term":[{"taxonomy":"post_tag","embeddable":true,"href":"https:\/\/consbarcellona.esteri.it\/es\/wp-json\/wp\/v2\/tags?post=5243"}],"curies":[{"name":"wp","href":"https:\/\/api.w.org\/{rel}","templated":true}]}}