{"id":5230,"date":"2024-10-07T10:00:02","date_gmt":"2024-10-07T08:00:02","guid":{"rendered":"https:\/\/consbarcellona.esteri.it\/news\/dal_consolato\/2024\/10\/concerto-del-quartetto-di-cremona-allauditori-di-barcellona-21-ottobre-2024-ore-19\/"},"modified":"2024-10-04T17:11:10","modified_gmt":"2024-10-04T15:11:10","slug":"concerto-del-quartetto-di-cremona-allauditori-di-barcellona-21-ottobre-2024-ore-19","status":"publish","type":"post","link":"https:\/\/consbarcellona.esteri.it\/es\/news\/dal_consolato\/2024\/10\/concerto-del-quartetto-di-cremona-allauditori-di-barcellona-21-ottobre-2024-ore-19\/","title":{"rendered":"Concierto del \u00abQuartetto di Cremona\u00bb en el Auditori de Barcellona (21 octubre 2024, 19 horas)"},"content":{"rendered":"<p>El lunes 21 de octubre, el &#8216;Quartetto di Cremona&#8217;, formado por Cristiano Gualco y Paolo Andreoli al viol\u00edn, Simone Gramaglia a la viola y Giovanni Scaglione al violonchelo, actuar\u00e1 en el Auditori de Barcelona a las 19.00 horas.<\/p>\n<p>Desde su formaci\u00f3n en el a\u00f1o 2000, el Cuarteto de Cremona se ha ganado la reputaci\u00f3n de ser uno de los conjuntos de m\u00fasica de c\u00e1mara m\u00e1s interesantes del panorama internacional. Invitado regularmente a ofrecer conciertos en los principales festivales y salas de todo el mundo, este conjunto de cuerda italiano ha actuado recientemente con gran \u00e9xito en el legendario Carnegie Hall (Nueva York), as\u00ed como en el Wigmore Hall (Londres), el Concertgebouw (\u00c1msterdam) o la Elbphilharmonie (Hamburgo), entre muchos otros. El cuarteto colabora regularmente con numerosos artistas de primera fila.<\/p>\n<p>Para la velada del 21 de octubre, el Cuarteto ofrecer\u00e1 un programa que rinde homenaje a la cultura musical de la Vieja Europa, con la mirada puesta tambi\u00e9n en el Nuevo Mundo.<\/p>\n<p>La entrada es gratuita hasta agotar las plazas. Para m\u00e1s informaci\u00f3n sobre el programa y para inscribirse, visite el siguiente <a href=\"https:\/\/www.auditori.cat\/ca\/esdeveniment\/quartetto-di-cremona-in-concerto\/\">enlace<\/a>.<\/p>\n","protected":false},"excerpt":{"rendered":"El lunes 21 de octubre, el &#8216;Quartetto di Cremona&#8217;, formado por Cristiano Gualco y Paolo Andreoli al viol\u00edn, Simone Gramaglia a la viola y Giovanni Scaglione al violonchelo, actuar\u00e1 en el Auditori de Barcelona a las 19.00 horas. Desde su formaci\u00f3n en el a\u00f1o 2000, el Cuarteto de Cremona se ha ganado la reputaci\u00f3n de [&hellip;]","protected":false},"author":8,"featured_media":5226,"comment_status":"closed","ping_status":"closed","sticky":false,"template":"","format":"standard","meta":{"footnotes":""},"tags":[12],"class_list":["post-5230","post","type-post","status-publish","format-standard","has-post-thumbnail","hentry","tag-diplomazia-culturale"],"_links":{"self":[{"href":"https:\/\/consbarcellona.esteri.it\/es\/wp-json\/wp\/v2\/posts\/5230","targetHints":{"allow":["GET"]}}],"collection":[{"href":"https:\/\/consbarcellona.esteri.it\/es\/wp-json\/wp\/v2\/posts"}],"about":[{"href":"https:\/\/consbarcellona.esteri.it\/es\/wp-json\/wp\/v2\/types\/post"}],"author":[{"embeddable":true,"href":"https:\/\/consbarcellona.esteri.it\/es\/wp-json\/wp\/v2\/users\/8"}],"replies":[{"embeddable":true,"href":"https:\/\/consbarcellona.esteri.it\/es\/wp-json\/wp\/v2\/comments?post=5230"}],"version-history":[{"count":3,"href":"https:\/\/consbarcellona.esteri.it\/es\/wp-json\/wp\/v2\/posts\/5230\/revisions"}],"predecessor-version":[{"id":5235,"href":"https:\/\/consbarcellona.esteri.it\/es\/wp-json\/wp\/v2\/posts\/5230\/revisions\/5235"}],"wp:featuredmedia":[{"embeddable":true,"href":"https:\/\/consbarcellona.esteri.it\/es\/wp-json\/wp\/v2\/media\/5226"}],"wp:attachment":[{"href":"https:\/\/consbarcellona.esteri.it\/es\/wp-json\/wp\/v2\/media?parent=5230"}],"wp:term":[{"taxonomy":"post_tag","embeddable":true,"href":"https:\/\/consbarcellona.esteri.it\/es\/wp-json\/wp\/v2\/tags?post=5230"}],"curies":[{"name":"wp","href":"https:\/\/api.w.org\/{rel}","templated":true}]}}