{"id":4865,"date":"2024-08-29T12:30:59","date_gmt":"2024-08-29T10:30:59","guid":{"rendered":"https:\/\/consbarcellona.esteri.it\/news\/dal_consolato\/2024\/08\/marina-militare-nave-scuola-palinuro-in-sosta-a-barcellona-30-agosto-2-settembre-2024\/"},"modified":"2024-08-29T12:32:27","modified_gmt":"2024-08-29T10:32:27","slug":"marina-militare-nave-scuola-palinuro-in-sosta-a-barcellona-30-agosto-2-settembre-2024","status":"publish","type":"post","link":"https:\/\/consbarcellona.esteri.it\/es\/news\/dal_consolato\/2024\/08\/marina-militare-nave-scuola-palinuro-in-sosta-a-barcellona-30-agosto-2-settembre-2024\/","title":{"rendered":"MARINA MILITAR: BUQUE ESCUELA SCUOLA PALINURO EN ESCALA EN BARCELONA (30 de agosto &#8211; 2 de septiembre 2024)"},"content":{"rendered":"<p>El buque de la Marina Militare Palinuro har\u00e1 escala en el puerto de Barcelona en la segunda etapa espa\u00f1ola de la campa\u00f1a de adestramiento 2024, amarrado al Moll de Barcelona detr\u00e1s del World Trade Center. Estar\u00e1 abierto para visitas desde el 30 de agosto hasta el 2 de septiembre con los siguientes horarios:<\/p>\n<ul>\n<li>viernes 30 de agosto, de 16.00 a 19.00 horas;<\/li>\n<li>s\u00e1bado 31 de agosto, de 09.00 a 12.00 horas;<\/li>\n<li>domingo 1 de septiembre, de 09.00 a 12.00 horas y de 16.00 a 19.00 horas;<\/li>\n<li>lunes 2 de septiembre, de 09.00 a 12.00 horas.<\/li>\n<\/ul>\n<p>El velero, que tiene aproximadamente 70 metros de eslora, celebr\u00f3 el 90 aniversario desde su botadura en marzo de 2024 y pas\u00f3 tres meses en la mar entrenando a los alumnos del Colegio Naval Militar \u00abFrancesco Morosini\u00bb de Venecia y a los alumnos de la Escuela para Suboficiales de Maniobra. En su viaje de regreso a Italia har\u00e1 escala en Mah\u00f3n, luego continuar\u00e1 navegando por el Mar Adri\u00e1tico para participar en la famos\u00edsima regata \u00abBarcolana\u00bb en el Golfo de Trieste.<\/p>\n<p>El buque Palinuro, botado en 1934 en los Astilleros Dubigeon de Nantes en Francia, con el nombre de \u201cComandante Louis Richard\u201d, fue adquirido por la Armada en 1950 para convertirse en Buque Escuela. Est\u00e1 clasificado como \u00abgoleta\u00bb, es decir, est\u00e1 armado con tres m\u00e1stiles: el de proa, conocido como trinquete, con velas cuadradas, mientras que el mayor y el de mesana tienen velas de trimado (mayores y flechas). A estos m\u00e1stiles se suma el baupr\u00e9s, que sobresale casi horizontalmente del extremo de proa, armado tambi\u00e9n con foques. Las quince velas suman una superficie total de casi 1.000 metros cuadros.<\/p>\n","protected":false},"excerpt":{"rendered":"El buque de la Marina Militare Palinuro har\u00e1 escala en el puerto de Barcelona en la segunda etapa espa\u00f1ola de la campa\u00f1a de adestramiento 2024, amarrado al Moll de Barcelona detr\u00e1s del World Trade Center. Estar\u00e1 abierto para visitas desde el 30 de agosto hasta el 2 de septiembre con los siguientes horarios: viernes 30 [&hellip;]","protected":false},"author":8,"featured_media":4861,"comment_status":"closed","ping_status":"closed","sticky":false,"template":"","format":"standard","meta":{"footnotes":""},"tags":[10],"class_list":["post-4865","post","type-post","status-publish","format-standard","has-post-thumbnail","hentry","tag-diplomazia-scientifica"],"_links":{"self":[{"href":"https:\/\/consbarcellona.esteri.it\/es\/wp-json\/wp\/v2\/posts\/4865","targetHints":{"allow":["GET"]}}],"collection":[{"href":"https:\/\/consbarcellona.esteri.it\/es\/wp-json\/wp\/v2\/posts"}],"about":[{"href":"https:\/\/consbarcellona.esteri.it\/es\/wp-json\/wp\/v2\/types\/post"}],"author":[{"embeddable":true,"href":"https:\/\/consbarcellona.esteri.it\/es\/wp-json\/wp\/v2\/users\/8"}],"replies":[{"embeddable":true,"href":"https:\/\/consbarcellona.esteri.it\/es\/wp-json\/wp\/v2\/comments?post=4865"}],"version-history":[{"count":2,"href":"https:\/\/consbarcellona.esteri.it\/es\/wp-json\/wp\/v2\/posts\/4865\/revisions"}],"predecessor-version":[{"id":4870,"href":"https:\/\/consbarcellona.esteri.it\/es\/wp-json\/wp\/v2\/posts\/4865\/revisions\/4870"}],"wp:featuredmedia":[{"embeddable":true,"href":"https:\/\/consbarcellona.esteri.it\/es\/wp-json\/wp\/v2\/media\/4861"}],"wp:attachment":[{"href":"https:\/\/consbarcellona.esteri.it\/es\/wp-json\/wp\/v2\/media?parent=4865"}],"wp:term":[{"taxonomy":"post_tag","embeddable":true,"href":"https:\/\/consbarcellona.esteri.it\/es\/wp-json\/wp\/v2\/tags?post=4865"}],"curies":[{"name":"wp","href":"https:\/\/api.w.org\/{rel}","templated":true}]}}