{"id":4049,"date":"2024-05-08T17:48:00","date_gmt":"2024-05-08T15:48:00","guid":{"rendered":"https:\/\/consbarcellona.esteri.it\/?p=4049"},"modified":"2024-05-10T13:30:06","modified_gmt":"2024-05-10T11:30:06","slug":"inaugurazione-della-mostra-mediterranea-visioni-di-un-mare-antico-e-complesso-valencia-8-maggio-2024","status":"publish","type":"post","link":"https:\/\/consbarcellona.esteri.it\/es\/news\/dal_consolato\/2024\/05\/inaugurazione-della-mostra-mediterranea-visioni-di-un-mare-antico-e-complesso-valencia-8-maggio-2024\/","title":{"rendered":"Inaugurazione della mostra \u00abMediterranea. Visioni di un mare antico e complesso\u00bb &#8211; Valencia, 8 maggio 2024"},"content":{"rendered":"<p>Il Console Generale, Emanuele Manzitti, accompagnato da Annamaria Di Giorgio Direttrice dell\u2019Istituto Italiano di Cultura (IIC) di Barcellona, da Santiago Lumbrera, Presidente del Consiglio di Amministrazione della Ciutat de les Arts i les Ciences (CASC), da Ana Ortells Miralles, Direttrice Generale del CASC e dal Console Onorario a Valencia, Adriano Carbone, ha inaugurato la tappa spagnola della mostra \u201cMediterranea. Visioni di un mare antico e complesso\u201d.<\/p>\n<p>Promossa dal Ministero degli Affari Esteri e la Cooperazione internazionale, dall\u2019Ambasciata d\u2019Italia a Madrid, dal Consolato Generale e dall\u2019IIC di Barcellona insieme all\u2019Agenzia Spaziale Italiana (ASI), Telespazio\/e-GEOS del Gruppo Leonardo, alla Fondazione MedOr e all\u2019Agenzia Spaziale Europea (ESA), la mostra giunge a Valencia dopo alcune tappe all\u2019estero (Beirut, Algeri, Zagabria e Fiume).<\/p>\n<p>La mostra, realizzata a cura di Viviana Panaccia, che ha poi accompagnato i numerosi ospiti nella successiva visita guidata, racconta, con un percorso innovativo e unico, la storia, la bellezza, i popoli e i miti del Mediterraneo, regione di grandissimo valore storico che acquista oggi una rinnovata centralit\u00e0 dal punto di vista geografico, politico e della connettivit\u00e0. La mostra fa ricorso a immagini ottenute dalla tecnologia spaziale pi\u00f9 avanzata elaborate dalle Agenzie Spaziali Italiana ed Europea e da Telespazio\/e-Geos. Immagini straordinarie in dialogo con mappe antiche e opere d\u2019arte, in una sintesi di cultura, arte e scienza tra passato e presente.<\/p>\n<p>La mostra si propone inoltre di promuovere il brand \u00abMade in Italy\u00bb attraverso la valorizzazione e integrazione dei contenuti culturali e artistici con quelli dell&#8217;innovazione e della tecnologia.<\/p>\n<p>\u201cMediterranea\u201c vuole rappresentare il Mare Nostrum in tutta la sua complessit\u00e0, incluse le vulnerabilit\u00e0 che oggi lo minacciano, attraverso la narrazione della sua storia con immagini satellitari inedite, foto, video e installazioni site-specific di straordinario impatto visivo ed emotivo. Le immagini satellitari rimandano dallo spazio una visione di citt\u00e0 e porti, crocevia di commerci ma anche di fertili contaminazioni culturali, di coste ricche di colture simbolo della \u201cmediterraneit\u00e0\u201d (l\u2019olivo, il fico, la vite).<\/p>\n<p>La mostra infine vuole rappresentare l\u2019attuale stato di salute del Mediterraneo fornendo dati e immagini che mostrano i segni inequivocabili dei cambiamenti climatici in corso, dalla riduzione delle precipitazioni alle ondate di calore caratterizzate da lunghi periodi di siccit\u00e0 alternati a eventi meteorologici estremi, e alterazione degli habitat marini.<\/p>\n<p>La storia e la contemporaneit\u00e0 del Mediterraneo ci ricordano la centralit\u00e0 di questa straordinaria regione per il nostro futuro e l\u2019urgenza di rispondere efficacemente con soluzioni condivise alle molteplici sfide comuni di oggi.<\/p>\n<p>La mostra verr\u00e0 aperta al pubblico ufficialmente il 9 maggio, Giornata dell\u2019Europa, con l\u2019obiettivo di sottolineare come la nostra casa europea, il suo passato, presente e futuro siano indissolubilmente legati a questo Mare ed alla sua storia.<\/p>\n","protected":false},"excerpt":{"rendered":"Il Console Generale, Emanuele Manzitti, accompagnato da Annamaria Di Giorgio Direttrice dell\u2019Istituto Italiano di Cultura (IIC) di Barcellona, da Santiago Lumbrera, Presidente del Consiglio di Amministrazione della Ciutat de les Arts i les Ciences (CASC), da Ana Ortells Miralles, Direttrice Generale del CASC e dal Console Onorario a Valencia, Adriano Carbone, ha inaugurato la tappa [&hellip;]","protected":false},"author":6,"featured_media":4035,"comment_status":"closed","ping_status":"closed","sticky":false,"template":"","format":"standard","meta":{"footnotes":""},"tags":[],"class_list":["post-4049","post","type-post","status-publish","format-standard","has-post-thumbnail","hentry"],"_links":{"self":[{"href":"https:\/\/consbarcellona.esteri.it\/es\/wp-json\/wp\/v2\/posts\/4049","targetHints":{"allow":["GET"]}}],"collection":[{"href":"https:\/\/consbarcellona.esteri.it\/es\/wp-json\/wp\/v2\/posts"}],"about":[{"href":"https:\/\/consbarcellona.esteri.it\/es\/wp-json\/wp\/v2\/types\/post"}],"author":[{"embeddable":true,"href":"https:\/\/consbarcellona.esteri.it\/es\/wp-json\/wp\/v2\/users\/6"}],"replies":[{"embeddable":true,"href":"https:\/\/consbarcellona.esteri.it\/es\/wp-json\/wp\/v2\/comments?post=4049"}],"version-history":[{"count":1,"href":"https:\/\/consbarcellona.esteri.it\/es\/wp-json\/wp\/v2\/posts\/4049\/revisions"}],"predecessor-version":[{"id":4050,"href":"https:\/\/consbarcellona.esteri.it\/es\/wp-json\/wp\/v2\/posts\/4049\/revisions\/4050"}],"wp:featuredmedia":[{"embeddable":true,"href":"https:\/\/consbarcellona.esteri.it\/es\/wp-json\/wp\/v2\/media\/4035"}],"wp:attachment":[{"href":"https:\/\/consbarcellona.esteri.it\/es\/wp-json\/wp\/v2\/media?parent=4049"}],"wp:term":[{"taxonomy":"post_tag","embeddable":true,"href":"https:\/\/consbarcellona.esteri.it\/es\/wp-json\/wp\/v2\/tags?post=4049"}],"curies":[{"name":"wp","href":"https:\/\/api.w.org\/{rel}","templated":true}]}}