{"id":3949,"date":"2024-05-02T08:10:26","date_gmt":"2024-05-02T06:10:26","guid":{"rendered":"https:\/\/consbarcellona.esteri.it\/?p=3949"},"modified":"2024-05-03T09:55:04","modified_gmt":"2024-05-03T07:55:04","slug":"inaugurazione-della-mostra-dello-scultore-pablo-atchugarry-valencia-ciutat-de-les-arts-i-de-las-ciencias-25-aprile-2024","status":"publish","type":"post","link":"https:\/\/consbarcellona.esteri.it\/es\/news\/dal_consolato\/2024\/05\/inaugurazione-della-mostra-dello-scultore-pablo-atchugarry-valencia-ciutat-de-les-arts-i-de-las-ciencias-25-aprile-2024\/","title":{"rendered":"Inaugurazione della mostra dello scultore Pablo Atchugarry (Valencia, Ciutat de les arts i de las ciencias, 25 aprile 2024)."},"content":{"rendered":"<p>Lo scorso 25 aprile il Console Generale Emanuele Manzitti ha partecipato all\u2019inaugurazione dell\u2019esposizione \u201cHacia el Futuro\u201d dello scultore italo-uruguaiano Pablo Atchugarry. Atchugarry nato a Montevideo nel 1964, Ufficiale della Stella d\u2019Italia dal 2018, dal 1982 lavora e vive (per la maggior parte dell\u2019anno) in Italia in Provincia di Lecco dove ha il suo studio.<\/p>\n<p>Atchugarry \u00e8 famoso per le sue opere monumentali in marmo e, pi\u00f9 recentemente, in bronzo dipinto con colori vivaci installate in numerose citt\u00e0 italiane ed esposte in spazi prestigiosi come i Mercati Traiani a Roma. In mostra negli spazi antistanti la Ciutat de les Arts i de las Ciencias (CASC), le sette opere di Atchugarry dialogano, in un gioco di riflessi e di luci, con l\u2019opera architettonica di Santiago Calatrava.<\/p>\n<p>All\u2019inaugurazione erano presenti oltre al Console Generale, la Direttrice Nazionale per la Cultura della Repubblica Orientale dell\u2019Uruguay, \u00a0Mariana Wainstein, il Presidente del Consiglio di Amministrazione del CASC, Santiago Lumbreras, la Direttrice Generale della Ciutat, Ana Ortells Miralles, il commissario della mostra Kosme de Bara\u00f1ano e la gallerista italiana di Atchugarry, Riccarda Contini.<\/p>\n","protected":false},"excerpt":{"rendered":"Lo scorso 25 aprile il Console Generale Emanuele Manzitti ha partecipato all\u2019inaugurazione dell\u2019esposizione \u201cHacia el Futuro\u201d dello scultore italo-uruguaiano Pablo Atchugarry. Atchugarry nato a Montevideo nel 1964, Ufficiale della Stella d\u2019Italia dal 2018, dal 1982 lavora e vive (per la maggior parte dell\u2019anno) in Italia in Provincia di Lecco dove ha il suo studio. Atchugarry [&hellip;]","protected":false},"author":6,"featured_media":3977,"comment_status":"closed","ping_status":"closed","sticky":false,"template":"","format":"standard","meta":{"footnotes":""},"tags":[],"class_list":["post-3949","post","type-post","status-publish","format-standard","has-post-thumbnail","hentry"],"_links":{"self":[{"href":"https:\/\/consbarcellona.esteri.it\/es\/wp-json\/wp\/v2\/posts\/3949","targetHints":{"allow":["GET"]}}],"collection":[{"href":"https:\/\/consbarcellona.esteri.it\/es\/wp-json\/wp\/v2\/posts"}],"about":[{"href":"https:\/\/consbarcellona.esteri.it\/es\/wp-json\/wp\/v2\/types\/post"}],"author":[{"embeddable":true,"href":"https:\/\/consbarcellona.esteri.it\/es\/wp-json\/wp\/v2\/users\/6"}],"replies":[{"embeddable":true,"href":"https:\/\/consbarcellona.esteri.it\/es\/wp-json\/wp\/v2\/comments?post=3949"}],"version-history":[{"count":1,"href":"https:\/\/consbarcellona.esteri.it\/es\/wp-json\/wp\/v2\/posts\/3949\/revisions"}],"predecessor-version":[{"id":3951,"href":"https:\/\/consbarcellona.esteri.it\/es\/wp-json\/wp\/v2\/posts\/3949\/revisions\/3951"}],"wp:featuredmedia":[{"embeddable":true,"href":"https:\/\/consbarcellona.esteri.it\/es\/wp-json\/wp\/v2\/media\/3977"}],"wp:attachment":[{"href":"https:\/\/consbarcellona.esteri.it\/es\/wp-json\/wp\/v2\/media?parent=3949"}],"wp:term":[{"taxonomy":"post_tag","embeddable":true,"href":"https:\/\/consbarcellona.esteri.it\/es\/wp-json\/wp\/v2\/tags?post=3949"}],"curies":[{"name":"wp","href":"https:\/\/api.w.org\/{rel}","templated":true}]}}