{"id":2702,"date":"2023-12-13T17:07:09","date_gmt":"2023-12-13T16:07:09","guid":{"rendered":"https:\/\/consbarcellona.esteri.it\/?p=2702"},"modified":"2023-12-15T08:17:26","modified_gmt":"2023-12-15T07:17:26","slug":"missione-del-funzionario-itinerante-per-passaporti-a-murcia-18-19-gennaio-2024","status":"publish","type":"post","link":"https:\/\/consbarcellona.esteri.it\/es\/news\/dal_consolato\/2023\/12\/missione-del-funzionario-itinerante-per-passaporti-a-murcia-18-19-gennaio-2024\/","title":{"rendered":"MISI\u00d3N DEL FUNCIONARIO ITINERANTE PARA PASAPORTES A MURCIA, 18-19 DE ENERO DE 2024"},"content":{"rendered":"<p>Como parte de las iniciativas destinadas a garantizar un servicio cada vez m\u00e1s eficiente a la comunidad residente, los d\u00edas 18 y 19 de enero de 2024, el Consulado General de Italia en Barcelona -por impulso y en colaboraci\u00f3n con el Comites de Barcelona y el Corresponsal Consular en Murcia- organizar\u00e1 dos jornadas dedicadas \u00edntegramente a la recepci\u00f3n del p\u00fablico para la recogida de los datos biom\u00e9tricos necesarios para la realizaci\u00f3n de los tr\u00e1mites de pasaporte.\u00a0Un equipo itinerante se trasladar\u00e1 expresamente a Murcia para recoger las solicitudes de pasaporte (con un m\u00e1ximo de 100 citas) de ciudadanos debidamente inscritos en el AIRE a 12 de enero de 2024, y que residan en la Comunidad Aut\u00f3noma de la Regi\u00f3n de Murcia y la Comarca de la Vega Baja de Segura.\u00a0\u00abLa iniciativa, que da continuidad a la que ya se llev\u00f3 a cabo el pasado mes de septiembre en Castell\u00f3n de la Plana -como ha se\u00f1alado el C\u00f3nsul General Emanuele Manzitti- se enmarca en el proceso de mejora constante emprendido desde hace tiempo por el Consulado General para ofrecer un abanico cada vez m\u00e1s amplio de servicios a nuestros conciudadanos, especialmente a aquellos que residen lejos de Barcelona.\u00a0La decisi\u00f3n de llevar este servicio a Murcia se ha tomado en estrecha colaboraci\u00f3n con el Com.It.Es.\u00a0\u2013al que quiero dar las gracias\u2013 a partir de un an\u00e1lisis de las necesidades y exigencias de la comunidad\u00bb.<\/p>\n<p><u>\u00a0<\/u><\/p>\n<p>Con el fin de facilitar los tr\u00e1mites de presentaci\u00f3n de la solicitud y recogida de datos biom\u00e9tricos, se ruega a los conciudadanos que manifiesten su inter\u00e9s en participar en la iniciativa enviando un correo electr\u00f3nico <strong>antes del<\/strong> <strong>12 de enero de 2024, a las 17:00 horas <\/strong>a la direcci\u00f3n <a href=\"mailto:barcellona.info@esteri.it\">barcellona.info@esteri.it<\/a>, especificando en el asunto \u00abINIZIATIVA FUNZIONARIO ITINERANTE MURCIA\u00bb.\u00a0El correo electr\u00f3nico deber\u00e1 indicar el nombre, apellidos, fecha y lugar de nacimiento de la persona para la que se solicita la expedici\u00f3n del nuevo pasaporte, adjuntando fotocopia del documento caducado o pr\u00f3ximo a caducar.<\/p>\n<p><u>\u00a0<\/u><\/p>\n<p><u>No se tendr\u00e1n en cuenta las solicitudes recibidas despu\u00e9s del 12 de enero de 2024 a las 17.00 horas. <\/u><\/p>\n<p><u>\u00a0<\/u><\/p>\n<p>El Consulado General, despu\u00e9s de examinar la solicitud, enviar\u00e1 un correo electr\u00f3nico al solicitante dentro de los dos d\u00edas h\u00e1biles confirm\u00e1ndola o rechaz\u00e1ndola.<\/p>\n<p>En caso de que la solicitud sea aceptada, el Consulado General comunicar\u00e1 la hora de la cita asignada entre los d\u00edas de jueves 18 y viernes 19 de enero de 2024 en la oficina del Corresponsal Consular, Abogado Giuseppe Leotta, ubicada en Carril de la Condesa, 58, 1\u00aa planta 30010 Murcia.<\/p>\n<p>La tasa consular de 116 Euros (una para cada pasaporte) debe pagarse solo una vez recibida la confirmaci\u00f3n de la cita, de ser posible al menos 48 horas antes de la cita.<\/p>\n<p>Por razones organizativas, no se recibir\u00e1n personas cuya cita no haya sido confirmada por falta de requisitos.<\/p>\n<p>Las solicitudes se tramitar\u00e1n por orden cronol\u00f3gico de llegada hasta agotar la mencionada disponibilidad de 100 citas. En este contexto, el Consulado General dar\u00e1 prioridad a las solicitudes de conciudadanos que no est\u00e9n en posesi\u00f3n de otro documento de identidad, que se encuentren en situaci\u00f3n de urgencia comprobada y documentada o, en todo caso, en situaci\u00f3n de vulnerabilidad.\u00a0La documentaci\u00f3n que acredite cualquier urgencia deber\u00e1 adjuntarse al correo electr\u00f3nico que se envie al Consulado General antes del 12 de enero de 2024 a las 17.00 horas.<\/p>\n<p>Si la documentaci\u00f3n presentada el d\u00eda de la cita est\u00e1 completa, los pasaportes se imprimir\u00e1n en Barcelona y luego se enviar\u00e1n -dentro de los 30 d\u00edas siguientes a la adquisici\u00f3n de los datos biom\u00e9tricos- a Murcia, a la oficina del Corresponsal Consular para la entrega del documento in situ. La cita para la recogida ya se dar\u00e1 en el momento de la presentaci\u00f3n de los documentos los d\u00edas 18-19 de enero de 2024. El d\u00eda de la entrega del pasaporte<strong>, se proceder\u00e1 a la anulaci\u00f3n del pasaporte v\u00e1lido anterior<\/strong>.<\/p>\n<p>Para aprovechar esta oportunidad que pone a su disposici\u00f3n el Consulado General, antes de enviar la solicitud, le aconsejamos leer con atenci\u00f3n las siguientes indicaciones, asegur\u00e1ndose previamente de cumplir con los requisitos.<\/p>\n<p><strong><u>REQUISITOS<\/u><\/strong><\/p>\n<ul>\n<li>Estar debidamente inscrito en el AIRE a fecha 12 de enero de 2024 en la circunscripci\u00f3n del Consulado General de Italia en Barcelona y residir en la Comunidad Aut\u00f3noma de la Regi\u00f3n de Murcia o en la comarca de la Vega Baja del Segura;<\/li>\n<li>Cada solicitante deber\u00eda tener su\u00a0<strong>estado civil actualizado ante las autoridades italianas<\/strong>.\u00a0A tal efecto, los documentos relativos a hechos de estado civil (matrimonio, nacimiento, divorcio, etc.) ocurridos en el extranjero, deben haber sido presentados previamente en la oficina consular o en el ayuntamiento italiano competente;<\/li>\n<li>Ser titular de un pasaporte cuya validez restante no supere los 6 meses a fecha 18 de enero de 2024 (fecha de caducidad 18 de julio de 2024).<\/li>\n<\/ul>\n<p>&nbsp;<\/p>\n<p>DOCUMENTACI\u00d3N A ENTREGAR EL D\u00cdA DE LA CITA (18-19 DE ENERO DE 2024)<\/p>\n<p><strong><u>\u00a0<\/u><\/strong><\/p>\n<p><strong><u>Pasaporte para mayores de edad<\/u><\/strong><\/p>\n<ol>\n<li>Formulario cumplimentado y firmado [<a href=\"https:\/\/consbarcellona.esteri.it\/wp-content\/uploads\/2023\/06\/pass__richiesta_maggiorenne__it_es_2023-agg.doc\"><em>pulse aqu\u00ed<\/em><\/a>]<\/li>\n<li>Una foto de pasaporte reciente en color -fondo blanco- norma ICAO 9303\/ISO 19794-5 \u2013 45 mm. x 35 mm.<\/li>\n<li>Empadronamiento actualizado<\/li>\n<li>Recibo de pago de la tasa consular (116 Euros) en la cuenta corriente del Banco Santander.\u00a0La tasa se pagar\u00e1 solo despu\u00e9s de la confirmaci\u00f3n de la cita.<\/li>\n<li>Fotocopia del pasaporte italiano anterior, incluso si est\u00e1 caducado (si no se tiene, de otro documento de identidad).\u00a0Tenga en cuenta que el d\u00eda de la cita se debe mostrar el pasaporte (u otro documento de identidad) en original;<\/li>\n<li>En caso de robo\/p\u00e9rdida del pasaporte: copia de la denuncia realizada a la Polic\u00eda Espa\u00f1ola u otras Autoridades Policiales.<\/li>\n<\/ol>\n<p><strong><u>Pasaporte para menores de edad<\/u><\/strong><\/p>\n<ol>\n<li>Formulario cumplimentado y firmado por ambos padres y el menor, si tiene 12 a\u00f1os o m\u00e1s [<a href=\"https:\/\/consbarcellona.esteri.it\/wp-content\/uploads\/2023\/05\/pass__richiesta_minorenne_it_es.doc\"><em>descargar aqu\u00ed<\/em><\/a>] acompa\u00f1ado de una copia de los documentos de identidad de ambos progenitores y del menor (si lo tiene).<\/li>\n<li>Una foto de pasaporte reciente en color -fondo blanco- norma ICAO 9303\/ISO 19794-5 \u2013 45 mm. x 35 mm. (no se permiten sombras ni gafas oscuras, u otros objetos extra\u00f1os en la foto), las fotos deben mostrar la cara del ni\u00f1o; en el caso de los ni\u00f1os menores de 6 meses, tambi\u00e9n se permiten fotos con ojos cerrados.<\/li>\n<li>Empadronamiento actualizado<\/li>\n<li>Recibo de pago de la tasa consular (116 Euros) en la cuenta corriente del Banco Santander. La tasa se pagar\u00e1 solo despu\u00e9s de la confirmaci\u00f3n de la cita.<\/li>\n<li>Fotocopia del pasaporte italiano anterior, incluso si est\u00e1 caducado (si no se tiene, de otro documento de identidad). Tenga en cuenta que el d\u00eda de la cita se debe mostrar el pasaporte (u otro documento de identidad) en original;<\/li>\n<li>En caso de robo\/p\u00e9rdida del pasaporte: copia de la denuncia realizada a la Polic\u00eda Espa\u00f1ola u otras Autoridades Policiales.<\/li>\n<\/ol>\n<p><strong><u>\u00a0<\/u><\/strong><\/p>\n<p><strong>DECLARACI\u00d3N DE CONSENTIMIENTO Y PRESENCIA DE LOS PADRES:<\/strong><\/p>\n<p>Si los\u00a0progenitores son ciudadanos de la UE, podr\u00e1 asistir a la cita solo uno de los dos progenitores.\u00a0En este caso, el progenitor presente el d\u00eda de la cita podr\u00e1 presentar la declaraci\u00f3n de consentimiento cumplimentada y firmada por el progenitor ausente, acompa\u00f1ada de una copia del documento de identidad.\u00a0El formulario se puede descargar en este\u00a0<a href=\"https:\/\/consbarcellona.esteri.it\/wp-content\/uploads\/2023\/09\/ASS_02_MINORI_PASS_CIE.pdf\"><em><u>enlace<\/u><\/em><\/a>.<\/p>\n<p>Si uno de los dos progenitores es ciudadano extracomunitario, se requiere la presencia f\u00edsica de ese progenitor el d\u00eda de la cita para dar su consentimiento en presencia del funcionario consular.\u00a0En caso de que el progenitor ciudadano extracomunitario no resida en la circunscripci\u00f3n consular, el consentimiento debe darse en la Questura (si el ciudadano se encuentra en Italia) o en la representaci\u00f3n diplom\u00e1tico-consular competente (si el ciudadano se encuentra en otro pa\u00eds extranjero).<\/p>\n<p>SIEMPRE ES NECESARIA LA PRESENCIA DEL MENOR.<\/p>\n<p><strong><u>TASA PARA LA EXPEDICI\u00d3N DEL PASAPORTE<\/u><\/strong><\/p>\n<p>La tasa \u00fanica para la expedici\u00f3n del pasaporte es de 116,00 Euros.<\/p>\n<p>El importe de la tasa consular deber\u00e1 ser ingresado en la cuenta corriente del Banco Santander que se indica a continuaci\u00f3n (importante: un pago para cada solicitud individual):<\/p>\n<p>BANCO SANTANDER<\/p>\n<p>IBAN: ES0500494707502616078401<\/p>\n<p>BIC\/SWIFT: BSCHESMMXXX (indicar el apellido y el nombre del solicitante en el concepto del pago, por ejemplo: Rossi Mario \u2013 Pasaporte)<\/p>\n","protected":false},"excerpt":{"rendered":"Como parte de las iniciativas destinadas a garantizar un servicio cada vez m\u00e1s eficiente a la comunidad residente, los d\u00edas 18 y 19 de enero de 2024, el Consulado General de Italia en Barcelona -por impulso y en colaboraci\u00f3n con el Comites de Barcelona y el Corresponsal Consular en Murcia- organizar\u00e1 dos jornadas dedicadas \u00edntegramente [&hellip;]","protected":false},"author":6,"featured_media":2699,"comment_status":"closed","ping_status":"closed","sticky":false,"template":"","format":"standard","meta":{"footnotes":""},"tags":[],"class_list":["post-2702","post","type-post","status-publish","format-standard","has-post-thumbnail","hentry"],"_links":{"self":[{"href":"https:\/\/consbarcellona.esteri.it\/es\/wp-json\/wp\/v2\/posts\/2702","targetHints":{"allow":["GET"]}}],"collection":[{"href":"https:\/\/consbarcellona.esteri.it\/es\/wp-json\/wp\/v2\/posts"}],"about":[{"href":"https:\/\/consbarcellona.esteri.it\/es\/wp-json\/wp\/v2\/types\/post"}],"author":[{"embeddable":true,"href":"https:\/\/consbarcellona.esteri.it\/es\/wp-json\/wp\/v2\/users\/6"}],"replies":[{"embeddable":true,"href":"https:\/\/consbarcellona.esteri.it\/es\/wp-json\/wp\/v2\/comments?post=2702"}],"version-history":[{"count":3,"href":"https:\/\/consbarcellona.esteri.it\/es\/wp-json\/wp\/v2\/posts\/2702\/revisions"}],"predecessor-version":[{"id":2707,"href":"https:\/\/consbarcellona.esteri.it\/es\/wp-json\/wp\/v2\/posts\/2702\/revisions\/2707"}],"wp:featuredmedia":[{"embeddable":true,"href":"https:\/\/consbarcellona.esteri.it\/es\/wp-json\/wp\/v2\/media\/2699"}],"wp:attachment":[{"href":"https:\/\/consbarcellona.esteri.it\/es\/wp-json\/wp\/v2\/media?parent=2702"}],"wp:term":[{"taxonomy":"post_tag","embeddable":true,"href":"https:\/\/consbarcellona.esteri.it\/es\/wp-json\/wp\/v2\/tags?post=2702"}],"curies":[{"name":"wp","href":"https:\/\/api.w.org\/{rel}","templated":true}]}}