{"id":2068,"date":"2016-05-11T18:57:36","date_gmt":"2016-05-11T16:57:36","guid":{"rendered":"https:\/\/consbarcellona.esteri.it\/news\/dal_consolato\/2016\/05\/la-sardegna-e-la-citta-di-alghero-2\/"},"modified":"2016-05-11T18:57:36","modified_gmt":"2016-05-11T16:57:36","slug":"la-sardegna-e-la-citta-di-alghero-2","status":"publish","type":"post","link":"https:\/\/consbarcellona.esteri.it\/es\/news\/dal_consolato\/2016\/05\/la-sardegna-e-la-citta-di-alghero-2\/","title":{"rendered":"Cerde\u00f1a y la ciudad de Alghero se presentan en Barcelona."},"content":{"rendered":"<p>El pasado 11 de mayo la compa\u00f1\u00eda de navegaci\u00f3n Grimaldi, que ofrece l\u00edneas de conexi\u00f3n en ferry y con transporte de veh\u00edculos entre Barcelona y Porto Torres, organiz\u00f3 un acto de presentaci\u00f3n del territorio sardo y la ciudad de Alghero y que cont\u00f3 con la presencia del C\u00f3nsul General de Italia en\u00a0Barcelona,\u00a0Stefano Nicoletti.<\/p>\n<p>\u00a0<\/p>\n","protected":false},"excerpt":{"rendered":"El pasado 11 de mayo la compa\u00f1\u00eda de navegaci\u00f3n Grimaldi, que ofrece l\u00edneas de conexi\u00f3n en ferry y con transporte de veh\u00edculos entre Barcelona y Porto Torres, organiz\u00f3 un acto de presentaci\u00f3n del territorio sardo y la ciudad de Alghero y que cont\u00f3 con la presencia del C\u00f3nsul General de Italia en\u00a0Barcelona,\u00a0Stefano Nicoletti. \u00a0","protected":false},"author":1,"featured_media":0,"comment_status":"","ping_status":"","sticky":false,"template":"","format":"standard","meta":{"footnotes":""},"tags":[],"class_list":["post-2068","post","type-post","status-publish","format-standard","hentry"],"_links":{"self":[{"href":"https:\/\/consbarcellona.esteri.it\/es\/wp-json\/wp\/v2\/posts\/2068","targetHints":{"allow":["GET"]}}],"collection":[{"href":"https:\/\/consbarcellona.esteri.it\/es\/wp-json\/wp\/v2\/posts"}],"about":[{"href":"https:\/\/consbarcellona.esteri.it\/es\/wp-json\/wp\/v2\/types\/post"}],"author":[{"embeddable":true,"href":"https:\/\/consbarcellona.esteri.it\/es\/wp-json\/wp\/v2\/users\/1"}],"replies":[{"embeddable":true,"href":"https:\/\/consbarcellona.esteri.it\/es\/wp-json\/wp\/v2\/comments?post=2068"}],"version-history":[{"count":0,"href":"https:\/\/consbarcellona.esteri.it\/es\/wp-json\/wp\/v2\/posts\/2068\/revisions"}],"wp:attachment":[{"href":"https:\/\/consbarcellona.esteri.it\/es\/wp-json\/wp\/v2\/media?parent=2068"}],"wp:term":[{"taxonomy":"post_tag","embeddable":true,"href":"https:\/\/consbarcellona.esteri.it\/es\/wp-json\/wp\/v2\/tags?post=2068"}],"curies":[{"name":"wp","href":"https:\/\/api.w.org\/{rel}","templated":true}]}}