{"id":1898,"date":"2018-02-13T16:59:48","date_gmt":"2018-02-13T15:59:48","guid":{"rendered":"https:\/\/consbarcellona.esteri.it\/news\/dal_consolato\/2018\/02\/avviso-esplorativo-per-i-sevizi-2\/"},"modified":"2018-02-13T16:59:48","modified_gmt":"2018-02-13T15:59:48","slug":"avviso-esplorativo-per-i-sevizi-2","status":"publish","type":"post","link":"https:\/\/consbarcellona.esteri.it\/es\/news\/dal_consolato\/2018\/02\/avviso-esplorativo-per-i-sevizi-2\/","title":{"rendered":"Solicitud de presupuesto para servicios de limpieza y tareas relacionadas para el a\u00f1o 2018."},"content":{"rendered":"<p>Con la presente, el Consulado General de Italia en Barcelona, con C.I.F. N0051124F y domicilio en C\/Mallorca, 270, 08037 Barcelona, promueve una investigaci\u00f3n exploratoria dirigida a las Empresas o sociedades potencialmente interesadas en la estipulaci\u00f3n de una contrataci\u00f3n para el a\u00f1o 2018 de los servicios de limpieza de los locales de su sede consular y tareas relacionadas.<\/p>\n<p>El presente aviso est\u00e1 dirigido \u00fanicamente a la recepci\u00f3n de manifestaciones de inter\u00e9s, para favorecer la participaci\u00f3n y la consultaci\u00f3n del mayor n\u00famero de operadores econ\u00f3micos potencialmente interesados, entre los cuales el Consulado General podr\u00e1 elegir a los operadores \u2013 m\u00e1ximo cinco \u2013 a los cuales enviar la carta de invitaci\u00f3n a presentar ofertas, sin ning\u00fan compromiso que vincule a este Consulado General.<\/p>\n<p>El plazo para la presentaci\u00f3n de las manifestaciones de interes es a las 10:00 del d\u00eda 28\/2\/2018. Mas informaciones est\u00e1n disponibles en el texto integral del aviso, publicado a lado unitamente al modelo de solicitud.<\/p>\n","protected":false},"excerpt":{"rendered":"Con la presente, el Consulado General de Italia en Barcelona, con C.I.F. N0051124F y domicilio en C\/Mallorca, 270, 08037 Barcelona, promueve una investigaci\u00f3n exploratoria dirigida a las Empresas o sociedades potencialmente interesadas en la estipulaci\u00f3n de una contrataci\u00f3n para el a\u00f1o 2018 de los servicios de limpieza de los locales de su sede consular y [&hellip;]","protected":false},"author":1,"featured_media":0,"comment_status":"","ping_status":"","sticky":false,"template":"","format":"standard","meta":{"footnotes":""},"tags":[],"class_list":["post-1898","post","type-post","status-publish","format-standard","hentry"],"_links":{"self":[{"href":"https:\/\/consbarcellona.esteri.it\/es\/wp-json\/wp\/v2\/posts\/1898","targetHints":{"allow":["GET"]}}],"collection":[{"href":"https:\/\/consbarcellona.esteri.it\/es\/wp-json\/wp\/v2\/posts"}],"about":[{"href":"https:\/\/consbarcellona.esteri.it\/es\/wp-json\/wp\/v2\/types\/post"}],"author":[{"embeddable":true,"href":"https:\/\/consbarcellona.esteri.it\/es\/wp-json\/wp\/v2\/users\/1"}],"replies":[{"embeddable":true,"href":"https:\/\/consbarcellona.esteri.it\/es\/wp-json\/wp\/v2\/comments?post=1898"}],"version-history":[{"count":0,"href":"https:\/\/consbarcellona.esteri.it\/es\/wp-json\/wp\/v2\/posts\/1898\/revisions"}],"wp:attachment":[{"href":"https:\/\/consbarcellona.esteri.it\/es\/wp-json\/wp\/v2\/media?parent=1898"}],"wp:term":[{"taxonomy":"post_tag","embeddable":true,"href":"https:\/\/consbarcellona.esteri.it\/es\/wp-json\/wp\/v2\/tags?post=1898"}],"curies":[{"name":"wp","href":"https:\/\/api.w.org\/{rel}","templated":true}]}}