{"id":10148,"date":"2026-03-13T10:06:08","date_gmt":"2026-03-13T09:06:08","guid":{"rendered":"https:\/\/consbarcellona.esteri.it\/news\/dal_consolato\/2026\/03\/pubblicato-il-bando-per-le-borse-di-studio-offerte-dal-governo-italiano-a-studenti-stranieri-e-italiani-residenti-allestero-ire-scadenza-26-marzo-2026-ore-14-00\/"},"modified":"2026-03-13T10:06:46","modified_gmt":"2026-03-13T09:06:46","slug":"pubblicato-il-bando-per-le-borse-di-studio-offerte-dal-governo-italiano-a-studenti-stranieri-e-italiani-residenti-allestero-ire-scadenza-26-marzo-2026-ore-14-00","status":"publish","type":"post","link":"https:\/\/consbarcellona.esteri.it\/es\/news\/dal_consolato\/2026\/03\/pubblicato-il-bando-per-le-borse-di-studio-offerte-dal-governo-italiano-a-studenti-stranieri-e-italiani-residenti-allestero-ire-scadenza-26-marzo-2026-ore-14-00\/","title":{"rendered":"PUBLICADA LA CONVOCATORIA DE BECAS OFRECIDAS POR EL GOBIERNO ITALIANO A ESTUDIANTES EXTRANJEROS E ITALIANOS RESIDENTES EN EL EXTRANJERO (IRE). FECHA L\u00cdMITE: 26 DE MARZO DE 2026, A LAS 14:00 HORAS"},"content":{"rendered":"<p>El\u00a0<strong>Ministerio de Asuntos Exteriores y Cooperaci\u00f3n Internacional italiano (MAECI) ofrece becas<\/strong>\u00a0para estudiantes extranjeros y ciudadanos italianos residentes en el extranjero (IRE) para el\u00a0<strong>a\u00f1o acad\u00e9mico 2026-2027<\/strong>, con el objetivo de fomentar la cooperaci\u00f3n en el \u00e1mbito cultural, cient\u00edfico y tecnol\u00f3gico, la proyecci\u00f3n del sistema econ\u00f3mico italiano en el mundo y la difusi\u00f3n del conocimiento de la lengua y la cultura italianas (Ref. Ley 288\/55 y sucesivas modificaciones e integraciones). La beca s\u00f3lo cubre la asistencia a cursos en territorio italiano.<\/p>\n<p>La convocatoria y la<strong>\u00a0lista de pa\u00edses\/otros territorios beneficiarios<\/strong>\u00a0est\u00e1n disponibles en la siguiente p\u00e1gina: https:\/\/studyinitaly.esteri.it\/ListaBandi<\/p>\n<p>Los candidatos solo pueden presentar su solicitud a trav\u00e9s del portal\u00a0<em><a href=\"https:\/\/studyinitaly.esteri.it\/\"><strong>Study in Italy<\/strong><\/a><\/em>.<\/p>\n<p>Las\u00a0<strong>solicitudes en l\u00ednea<\/strong>\u00a0deben recibirse\u00a0<strong>antes de las 14:00 horas (hora italiana) del 26 de marzo de 2026<\/strong>.<\/p>\n<p>Se recomienda encarecidamente no esperar hasta los \u00faltimos d\u00edas para presentar la solicitud, con el fin de evitar posibles dificultades t\u00e9cnicas relacionadas con la sobrecarga del sistema.<\/p>\n<p>Para m\u00e1s informaci\u00f3n, visite la secci\u00f3n dedicada a este tema en la p\u00e1gina web del MAECI:\u00a0<a href=\"https:\/\/www.esteri.it\/it\/servizi-opportunita\/opportunita\/borse-di-studio\/per-cittadini-stranieri\/borsestudio_stranieri\/\">Becas ofrecidas por el Gobierno italiano a estudiantes extranjeros e italianos residentes en el extranjero (IRE) \u2013 Ministerio de Asuntos Exteriores y Cooperaci\u00f3n Internacional<\/a>.<\/p>\n","protected":false},"excerpt":{"rendered":"El\u00a0Ministerio de Asuntos Exteriores y Cooperaci\u00f3n Internacional italiano (MAECI) ofrece becas\u00a0para estudiantes extranjeros y ciudadanos italianos residentes en el extranjero (IRE) para el\u00a0a\u00f1o acad\u00e9mico 2026-2027, con el objetivo de fomentar la cooperaci\u00f3n en el \u00e1mbito cultural, cient\u00edfico y tecnol\u00f3gico, la proyecci\u00f3n del sistema econ\u00f3mico italiano en el mundo y la difusi\u00f3n del conocimiento de la [&hellip;]","protected":false},"author":8,"featured_media":10145,"comment_status":"closed","ping_status":"closed","sticky":false,"template":"","format":"standard","meta":{"footnotes":""},"tags":[],"class_list":["post-10148","post","type-post","status-publish","format-standard","has-post-thumbnail","hentry"],"_links":{"self":[{"href":"https:\/\/consbarcellona.esteri.it\/es\/wp-json\/wp\/v2\/posts\/10148","targetHints":{"allow":["GET"]}}],"collection":[{"href":"https:\/\/consbarcellona.esteri.it\/es\/wp-json\/wp\/v2\/posts"}],"about":[{"href":"https:\/\/consbarcellona.esteri.it\/es\/wp-json\/wp\/v2\/types\/post"}],"author":[{"embeddable":true,"href":"https:\/\/consbarcellona.esteri.it\/es\/wp-json\/wp\/v2\/users\/8"}],"replies":[{"embeddable":true,"href":"https:\/\/consbarcellona.esteri.it\/es\/wp-json\/wp\/v2\/comments?post=10148"}],"version-history":[{"count":1,"href":"https:\/\/consbarcellona.esteri.it\/es\/wp-json\/wp\/v2\/posts\/10148\/revisions"}],"predecessor-version":[{"id":10151,"href":"https:\/\/consbarcellona.esteri.it\/es\/wp-json\/wp\/v2\/posts\/10148\/revisions\/10151"}],"wp:featuredmedia":[{"embeddable":true,"href":"https:\/\/consbarcellona.esteri.it\/es\/wp-json\/wp\/v2\/media\/10145"}],"wp:attachment":[{"href":"https:\/\/consbarcellona.esteri.it\/es\/wp-json\/wp\/v2\/media?parent=10148"}],"wp:term":[{"taxonomy":"post_tag","embeddable":true,"href":"https:\/\/consbarcellona.esteri.it\/es\/wp-json\/wp\/v2\/tags?post=10148"}],"curies":[{"name":"wp","href":"https:\/\/api.w.org\/{rel}","templated":true}]}}